{"id":23513,"date":"2024-03-08T20:42:57","date_gmt":"2024-03-09T02:42:57","guid":{"rendered":"https:\/\/enconecte.com\/?p=23513"},"modified":"2024-03-08T20:42:57","modified_gmt":"2024-03-09T02:42:57","slug":"inician-en-jerez-eventos-conmemorativos-por-el-dia-internacional-de-la-mujer","status":"publish","type":"post","link":"https:\/\/raicesjerezanas.com\/?p=23513","title":{"rendered":"INICIAN EN JEREZ EVENTOS CONMEMORATIVOS POR EL DIA INTERNACIONAL DE LA MUJER"},"content":{"rendered":"<p>Dando inicio a los eventos para conmemorar el 8 de marzo, se llev\u00f3 a cabo la conferencia \u00abEl Valor de la Mujer\u00bb, organizada por el Instituto de la Mujer Jerezana (INMUJE), reuniendo invitados de distintos sectores en el Foyer del Teatro Hinojosa.<\/p>\n<p>Francisco Luna Alcal\u00e1 inaugur\u00f3 el evento abordando de forma din\u00e1mica la tem\u00e1tica relacionada con la importancia del amor propio, la erradicaci\u00f3n de la violencia de g\u00e9nero en todos los niveles y \u00e1mbitos sociales, as\u00ed como la proyecci\u00f3n de videos que complementaron su mensaje hacia los asistentes.<\/p>\n<p>Por su parte, Claudia Lozano Saldivar, continu\u00f3 detallando conceptos del autocuidado y la explicaci\u00f3n de la pir\u00e1mide de Maslow que comprende las necesidades fisiol\u00f3gicas, la seguridad, la afiliaci\u00f3n, el reconocimiento y la autorrealizaci\u00f3n de las mujeres particularmente.<\/p>\n<p><a href=\"https:\/\/enconecte.com\/wp-content\/uploads\/2024\/03\/Imagen-de-WhatsApp-2024-03-08-a-las-09.51.16_97c00b43.jpg\"><img loading=\"lazy\" decoding=\"async\" class=\"alignnone size-full wp-image-23515\" src=\"https:\/\/enconecte.com\/wp-content\/uploads\/2024\/03\/Imagen-de-WhatsApp-2024-03-08-a-las-09.51.16_97c00b43.jpg\" alt=\"\" width=\"1600\" height=\"1066\" srcset=\"https:\/\/raicesjerezanas.com\/wp-content\/uploads\/2024\/03\/Imagen-de-WhatsApp-2024-03-08-a-las-09.51.16_97c00b43.jpg 1600w, https:\/\/raicesjerezanas.com\/wp-content\/uploads\/2024\/03\/Imagen-de-WhatsApp-2024-03-08-a-las-09.51.16_97c00b43-300x200.jpg 300w, https:\/\/raicesjerezanas.com\/wp-content\/uploads\/2024\/03\/Imagen-de-WhatsApp-2024-03-08-a-las-09.51.16_97c00b43-1024x682.jpg 1024w, https:\/\/raicesjerezanas.com\/wp-content\/uploads\/2024\/03\/Imagen-de-WhatsApp-2024-03-08-a-las-09.51.16_97c00b43-768x512.jpg 768w, https:\/\/raicesjerezanas.com\/wp-content\/uploads\/2024\/03\/Imagen-de-WhatsApp-2024-03-08-a-las-09.51.16_97c00b43-1536x1023.jpg 1536w\" sizes=\"auto, (max-width: 1600px) 100vw, 1600px\" \/><\/a><\/p>\n","protected":false},"excerpt":{"rendered":"<div class=\"mh-excerpt\"><p>Dando inicio a los eventos para conmemorar el 8 de marzo, se llev\u00f3 a cabo la conferencia \u00abEl Valor de la Mujer\u00bb, organizada por el <a class=\"mh-excerpt-more\" href=\"https:\/\/raicesjerezanas.com\/?p=23513\" title=\"INICIAN EN JEREZ EVENTOS CONMEMORATIVOS POR EL DIA INTERNACIONAL DE LA MUJER\">&#8230;<\/a><\/p>\n<\/div>","protected":false},"author":1,"featured_media":23514,"comment_status":"closed","ping_status":"closed","sticky":false,"template":"","format":"standard","meta":{"footnotes":""},"categories":[102],"tags":[],"class_list":["post-23513","post","type-post","status-publish","format-standard","has-post-thumbnail","hentry","category-noticias-de-jerez"],"_links":{"self":[{"href":"https:\/\/raicesjerezanas.com\/index.php?rest_route=\/wp\/v2\/posts\/23513","targetHints":{"allow":["GET"]}}],"collection":[{"href":"https:\/\/raicesjerezanas.com\/index.php?rest_route=\/wp\/v2\/posts"}],"about":[{"href":"https:\/\/raicesjerezanas.com\/index.php?rest_route=\/wp\/v2\/types\/post"}],"author":[{"embeddable":true,"href":"https:\/\/raicesjerezanas.com\/index.php?rest_route=\/wp\/v2\/users\/1"}],"replies":[{"embeddable":true,"href":"https:\/\/raicesjerezanas.com\/index.php?rest_route=%2Fwp%2Fv2%2Fcomments&post=23513"}],"version-history":[{"count":0,"href":"https:\/\/raicesjerezanas.com\/index.php?rest_route=\/wp\/v2\/posts\/23513\/revisions"}],"wp:featuredmedia":[{"embeddable":true,"href":"https:\/\/raicesjerezanas.com\/index.php?rest_route=\/wp\/v2\/media\/23514"}],"wp:attachment":[{"href":"https:\/\/raicesjerezanas.com\/index.php?rest_route=%2Fwp%2Fv2%2Fmedia&parent=23513"}],"wp:term":[{"taxonomy":"category","embeddable":true,"href":"https:\/\/raicesjerezanas.com\/index.php?rest_route=%2Fwp%2Fv2%2Fcategories&post=23513"},{"taxonomy":"post_tag","embeddable":true,"href":"https:\/\/raicesjerezanas.com\/index.php?rest_route=%2Fwp%2Fv2%2Ftags&post=23513"}],"curies":[{"name":"wp","href":"https:\/\/api.w.org\/{rel}","templated":true}]}}