{"id":23589,"date":"2024-03-28T19:03:00","date_gmt":"2024-03-29T01:03:00","guid":{"rendered":"https:\/\/enconecte.com\/?p=23589"},"modified":"2024-03-28T19:03:00","modified_gmt":"2024-03-29T01:03:00","slug":"exponen-galerias-fotograficas-de-tradicion-ferial-en-edificio-de-la-torre","status":"publish","type":"post","link":"https:\/\/raicesjerezanas.com\/?p=23589","title":{"rendered":"EXPONEN GALER\u00cdAS FOTOGR\u00c1FICAS DE TRADICI\u00d3N FERIAL EN EDIFICIO DE LA TORRE"},"content":{"rendered":"<p>Los artistas gr\u00e1ficos Ra\u00fal Rodr\u00edguez Ortega y Reyes Garc\u00eda Esquivel, inauguraron las exposiciones fotogr\u00e1ficas S\u00e1bado de Gloria y Quema de Judas, que se exhiben en el Edificio de la Torre durante la Feria de Primavera Jerez 2024, de 9:00 de la ma\u00f1ana a 2:30 de la tarde.<\/p>\n<p>Reyes Garc\u00eda Esquivel, dijo que en el a\u00f1o de 1969 comenz\u00f3 su amor por la fotograf\u00eda en la Uni\u00f3n Americana, con los m\u00e9todos de la \u00e9poca que se han visto rebasados por la tecnolog\u00eda, ahora hace realidad su anhelo de exhibir su exposici\u00f3n fotogr\u00e1fica \u00abQuema de Judas\u00bb en el Edificio de la Torre.<\/p>\n<p>Por su parte Ra\u00fal Rodr\u00edguez agradeci\u00f3 \u00e9l apoyo para llevar a cabo este proyecto en el que presenta cerca de 80 fotograf\u00edas que ha trabajado desde el a\u00f1o 2010, es decir, 13 S\u00e1bados de Gloria de trabajo de campo que ahora exhibe usos y costumbres del festejo tradicional.<\/p>\n<p><a href=\"https:\/\/enconecte.com\/wp-content\/uploads\/2024\/04\/WhatsApp-Image-2024-03-28-at-1.21.17-PM-1.jpeg\"><img loading=\"lazy\" decoding=\"async\" class=\"alignnone size-full wp-image-23590\" src=\"https:\/\/enconecte.com\/wp-content\/uploads\/2024\/04\/WhatsApp-Image-2024-03-28-at-1.21.17-PM-1.jpeg\" alt=\"\" width=\"1600\" height=\"1200\" srcset=\"https:\/\/raicesjerezanas.com\/wp-content\/uploads\/2024\/04\/WhatsApp-Image-2024-03-28-at-1.21.17-PM-1.jpeg 1600w, https:\/\/raicesjerezanas.com\/wp-content\/uploads\/2024\/04\/WhatsApp-Image-2024-03-28-at-1.21.17-PM-1-300x225.jpeg 300w, https:\/\/raicesjerezanas.com\/wp-content\/uploads\/2024\/04\/WhatsApp-Image-2024-03-28-at-1.21.17-PM-1-1024x768.jpeg 1024w, https:\/\/raicesjerezanas.com\/wp-content\/uploads\/2024\/04\/WhatsApp-Image-2024-03-28-at-1.21.17-PM-1-768x576.jpeg 768w, https:\/\/raicesjerezanas.com\/wp-content\/uploads\/2024\/04\/WhatsApp-Image-2024-03-28-at-1.21.17-PM-1-1536x1152.jpeg 1536w, https:\/\/raicesjerezanas.com\/wp-content\/uploads\/2024\/04\/WhatsApp-Image-2024-03-28-at-1.21.17-PM-1-678x509.jpeg 678w, https:\/\/raicesjerezanas.com\/wp-content\/uploads\/2024\/04\/WhatsApp-Image-2024-03-28-at-1.21.17-PM-1-326x245.jpeg 326w, https:\/\/raicesjerezanas.com\/wp-content\/uploads\/2024\/04\/WhatsApp-Image-2024-03-28-at-1.21.17-PM-1-80x60.jpeg 80w\" sizes=\"auto, (max-width: 1600px) 100vw, 1600px\" \/><\/a><\/p>\n","protected":false},"excerpt":{"rendered":"<div class=\"mh-excerpt\"><p>Los artistas gr\u00e1ficos Ra\u00fal Rodr\u00edguez Ortega y Reyes Garc\u00eda Esquivel, inauguraron las exposiciones fotogr\u00e1ficas S\u00e1bado de Gloria y Quema de Judas, que se exhiben en <a class=\"mh-excerpt-more\" href=\"https:\/\/raicesjerezanas.com\/?p=23589\" title=\"EXPONEN GALER\u00cdAS FOTOGR\u00c1FICAS DE TRADICI\u00d3N FERIAL EN EDIFICIO DE LA TORRE\">&#8230;<\/a><\/p>\n<\/div>","protected":false},"author":1,"featured_media":23591,"comment_status":"closed","ping_status":"closed","sticky":false,"template":"","format":"standard","meta":{"footnotes":""},"categories":[111,102],"tags":[],"class_list":["post-23589","post","type-post","status-publish","format-standard","has-post-thumbnail","hentry","category-feria-jerez","category-noticias-de-jerez"],"_links":{"self":[{"href":"https:\/\/raicesjerezanas.com\/index.php?rest_route=\/wp\/v2\/posts\/23589","targetHints":{"allow":["GET"]}}],"collection":[{"href":"https:\/\/raicesjerezanas.com\/index.php?rest_route=\/wp\/v2\/posts"}],"about":[{"href":"https:\/\/raicesjerezanas.com\/index.php?rest_route=\/wp\/v2\/types\/post"}],"author":[{"embeddable":true,"href":"https:\/\/raicesjerezanas.com\/index.php?rest_route=\/wp\/v2\/users\/1"}],"replies":[{"embeddable":true,"href":"https:\/\/raicesjerezanas.com\/index.php?rest_route=%2Fwp%2Fv2%2Fcomments&post=23589"}],"version-history":[{"count":0,"href":"https:\/\/raicesjerezanas.com\/index.php?rest_route=\/wp\/v2\/posts\/23589\/revisions"}],"wp:featuredmedia":[{"embeddable":true,"href":"https:\/\/raicesjerezanas.com\/index.php?rest_route=\/wp\/v2\/media\/23591"}],"wp:attachment":[{"href":"https:\/\/raicesjerezanas.com\/index.php?rest_route=%2Fwp%2Fv2%2Fmedia&parent=23589"}],"wp:term":[{"taxonomy":"category","embeddable":true,"href":"https:\/\/raicesjerezanas.com\/index.php?rest_route=%2Fwp%2Fv2%2Fcategories&post=23589"},{"taxonomy":"post_tag","embeddable":true,"href":"https:\/\/raicesjerezanas.com\/index.php?rest_route=%2Fwp%2Fv2%2Ftags&post=23589"}],"curies":[{"name":"wp","href":"https:\/\/api.w.org\/{rel}","templated":true}]}}