{"id":23592,"date":"2024-03-29T19:05:20","date_gmt":"2024-03-30T01:05:20","guid":{"rendered":"https:\/\/enconecte.com\/?p=23592"},"modified":"2024-03-29T19:05:20","modified_gmt":"2024-03-30T01:05:20","slug":"reconocen-al-maestro-daniel-garcia-como-gran-formador-deportivo","status":"publish","type":"post","link":"https:\/\/raicesjerezanas.com\/?p=23592","title":{"rendered":"RECONOCEN AL MAESTRO DANIEL GARC\u00cdA COMO GRAN FORMADOR DEPORTIVO"},"content":{"rendered":"<p>A iniciativa de exalumnos y exalumnas de la escuela de Basquebol Azteca, se reconoci\u00f3 la trayectoria del reconocido formador de talentos en el baloncesto, Daniel Garc\u00eda Garc\u00eda, director y fundador de este centro de desarrollo del basquetbol, por sus m\u00e1s de 25 a\u00f1os dedicados a trabajar con ni\u00f1os y j\u00f3venes.<\/p>\n<p>El evento se realiz\u00f3 en la unidad deportiva y se cont\u00f3 con la presencia de autoridades del Instituto de Cultura F\u00edsica del Estado de Zacatecas (INCUFIDEZ), as\u00ed como del gobierno municipal y la coordinaci\u00f3n del deporte, adem\u00e1s de un grupo representativo de alrededor de 70 exalumnos del maestro Daniel, que entre sus logros cuenta el haber llegado a una final nacional y destacadas participaciones en diversos eventos estatales, pero sobre todo, el contribuir para encausar a cientos de ni\u00f1os y j\u00f3venes, en esta disciplina deportiva.<\/p>\n<p><a href=\"https:\/\/enconecte.com\/wp-content\/uploads\/2024\/04\/WhatsApp-Image-2024-03-29-at-1.12.47-PM.jpeg\"><img loading=\"lazy\" decoding=\"async\" class=\"alignnone size-full wp-image-23594\" src=\"https:\/\/enconecte.com\/wp-content\/uploads\/2024\/04\/WhatsApp-Image-2024-03-29-at-1.12.47-PM.jpeg\" alt=\"\" width=\"1600\" height=\"1066\" srcset=\"https:\/\/raicesjerezanas.com\/wp-content\/uploads\/2024\/04\/WhatsApp-Image-2024-03-29-at-1.12.47-PM.jpeg 1600w, https:\/\/raicesjerezanas.com\/wp-content\/uploads\/2024\/04\/WhatsApp-Image-2024-03-29-at-1.12.47-PM-300x200.jpeg 300w, https:\/\/raicesjerezanas.com\/wp-content\/uploads\/2024\/04\/WhatsApp-Image-2024-03-29-at-1.12.47-PM-1024x682.jpeg 1024w, https:\/\/raicesjerezanas.com\/wp-content\/uploads\/2024\/04\/WhatsApp-Image-2024-03-29-at-1.12.47-PM-768x512.jpeg 768w, https:\/\/raicesjerezanas.com\/wp-content\/uploads\/2024\/04\/WhatsApp-Image-2024-03-29-at-1.12.47-PM-1536x1023.jpeg 1536w\" sizes=\"auto, (max-width: 1600px) 100vw, 1600px\" \/><\/a><\/p>\n","protected":false},"excerpt":{"rendered":"<div class=\"mh-excerpt\"><p>A iniciativa de exalumnos y exalumnas de la escuela de Basquebol Azteca, se reconoci\u00f3 la trayectoria del reconocido formador de talentos en el baloncesto, Daniel <a class=\"mh-excerpt-more\" href=\"https:\/\/raicesjerezanas.com\/?p=23592\" title=\"RECONOCEN AL MAESTRO DANIEL GARC\u00cdA COMO GRAN FORMADOR DEPORTIVO\">&#8230;<\/a><\/p>\n<\/div>","protected":false},"author":1,"featured_media":23593,"comment_status":"closed","ping_status":"closed","sticky":false,"template":"","format":"standard","meta":{"footnotes":""},"categories":[102],"tags":[],"class_list":["post-23592","post","type-post","status-publish","format-standard","has-post-thumbnail","hentry","category-noticias-de-jerez"],"_links":{"self":[{"href":"https:\/\/raicesjerezanas.com\/index.php?rest_route=\/wp\/v2\/posts\/23592","targetHints":{"allow":["GET"]}}],"collection":[{"href":"https:\/\/raicesjerezanas.com\/index.php?rest_route=\/wp\/v2\/posts"}],"about":[{"href":"https:\/\/raicesjerezanas.com\/index.php?rest_route=\/wp\/v2\/types\/post"}],"author":[{"embeddable":true,"href":"https:\/\/raicesjerezanas.com\/index.php?rest_route=\/wp\/v2\/users\/1"}],"replies":[{"embeddable":true,"href":"https:\/\/raicesjerezanas.com\/index.php?rest_route=%2Fwp%2Fv2%2Fcomments&post=23592"}],"version-history":[{"count":0,"href":"https:\/\/raicesjerezanas.com\/index.php?rest_route=\/wp\/v2\/posts\/23592\/revisions"}],"wp:featuredmedia":[{"embeddable":true,"href":"https:\/\/raicesjerezanas.com\/index.php?rest_route=\/wp\/v2\/media\/23593"}],"wp:attachment":[{"href":"https:\/\/raicesjerezanas.com\/index.php?rest_route=%2Fwp%2Fv2%2Fmedia&parent=23592"}],"wp:term":[{"taxonomy":"category","embeddable":true,"href":"https:\/\/raicesjerezanas.com\/index.php?rest_route=%2Fwp%2Fv2%2Fcategories&post=23592"},{"taxonomy":"post_tag","embeddable":true,"href":"https:\/\/raicesjerezanas.com\/index.php?rest_route=%2Fwp%2Fv2%2Ftags&post=23592"}],"curies":[{"name":"wp","href":"https:\/\/api.w.org\/{rel}","templated":true}]}}