{"id":23595,"date":"2024-03-29T19:07:07","date_gmt":"2024-03-30T01:07:07","guid":{"rendered":"https:\/\/enconecte.com\/?p=23595"},"modified":"2024-03-29T19:07:07","modified_gmt":"2024-03-30T01:07:07","slug":"buen-cuadrangular-de-futbol-dentro-del-programa-de-la-feria","status":"publish","type":"post","link":"https:\/\/raicesjerezanas.com\/?p=23595","title":{"rendered":"BUEN CUADRANGULAR DE FUTBOL DENTRO DEL PROGRAMA DE LA FERIA"},"content":{"rendered":"<p>Bueno de principio a fin, result\u00f3 el cuadrangular de f\u00fatbol dentro del programa de la Feria de la Primavera Jerez 2024, en el que la selecci\u00f3n de Monte Escobedo se llev\u00f3 el primer lugar, al superar en serie de penales a Modelorama El Poeta, representativo del Infonavit El Cortijo de esta ciudad.<\/p>\n<p>Los encuentros preliminares fueron emocionantes y muy parejos; en el primero de ellos, los del barrio de El Cortijo obtuvieron el triunfo tres goles a uno, sobre Lobos FC, mientras que el equipo del municipio de la sierra, venci\u00f3 al conjunto de la capital, Centro de Columna de Zacatecas, partidos que resultaron del agrado del p\u00fablico concentrado en las gradas de la Unidad Deportiva.<\/p>\n<p>A pesar del agotamiento, la gran final fue un juego atractivo; los locales se fueron arriba por dos goles a cero, sin embargo vino la reacci\u00f3n de los de Monte Escobedo, quienes hicieron efectiva una de sus constantes llegadas al arco contrario, para acortar distancia y en tiempo de reposici\u00f3n, aprovecharon un penal a favor, igualando el encuentro y obligar a la definici\u00f3n desde los 11 pasos.<\/p>\n<p><a href=\"https:\/\/enconecte.com\/wp-content\/uploads\/2024\/04\/WhatsApp-Image-2024-03-29-at-5.17.30-PM.jpeg\"><img loading=\"lazy\" decoding=\"async\" class=\"alignnone size-full wp-image-23597\" src=\"https:\/\/enconecte.com\/wp-content\/uploads\/2024\/04\/WhatsApp-Image-2024-03-29-at-5.17.30-PM.jpeg\" alt=\"\" width=\"1600\" height=\"1118\" srcset=\"https:\/\/raicesjerezanas.com\/wp-content\/uploads\/2024\/04\/WhatsApp-Image-2024-03-29-at-5.17.30-PM.jpeg 1600w, https:\/\/raicesjerezanas.com\/wp-content\/uploads\/2024\/04\/WhatsApp-Image-2024-03-29-at-5.17.30-PM-300x210.jpeg 300w, https:\/\/raicesjerezanas.com\/wp-content\/uploads\/2024\/04\/WhatsApp-Image-2024-03-29-at-5.17.30-PM-1024x716.jpeg 1024w, https:\/\/raicesjerezanas.com\/wp-content\/uploads\/2024\/04\/WhatsApp-Image-2024-03-29-at-5.17.30-PM-768x537.jpeg 768w, https:\/\/raicesjerezanas.com\/wp-content\/uploads\/2024\/04\/WhatsApp-Image-2024-03-29-at-5.17.30-PM-1536x1073.jpeg 1536w\" sizes=\"auto, (max-width: 1600px) 100vw, 1600px\" \/><\/a><\/p>\n<p>Pr\u00e1cticamente todos los ejecutantes fueron certeros, salvo en el \u00faltimo tiro de los de casa, el portero de Monte Escobedo adivin\u00f3 a su lado derecho y su compa\u00f1ero s\u00f3lo tuvo que asegurar el que cerr\u00f3 la tanda.<\/p>\n<p>Este minitorneo fue organizado por la comisi\u00f3n de deportes en el Comit\u00e9 de Feria, en coordinaci\u00f3n con la Liga Municipal de futbol y FutLive televisi\u00f3n, cuyos representantes realizaron la premiaci\u00f3n que se dio de manera econ\u00f3mica.<\/p>\n","protected":false},"excerpt":{"rendered":"<div class=\"mh-excerpt\"><p>Bueno de principio a fin, result\u00f3 el cuadrangular de f\u00fatbol dentro del programa de la Feria de la Primavera Jerez 2024, en el que la <a class=\"mh-excerpt-more\" href=\"https:\/\/raicesjerezanas.com\/?p=23595\" title=\"BUEN CUADRANGULAR DE FUTBOL DENTRO DEL PROGRAMA DE LA FERIA\">&#8230;<\/a><\/p>\n<\/div>","protected":false},"author":1,"featured_media":23596,"comment_status":"closed","ping_status":"closed","sticky":false,"template":"","format":"standard","meta":{"footnotes":""},"categories":[111,102],"tags":[],"class_list":["post-23595","post","type-post","status-publish","format-standard","has-post-thumbnail","hentry","category-feria-jerez","category-noticias-de-jerez"],"_links":{"self":[{"href":"https:\/\/raicesjerezanas.com\/index.php?rest_route=\/wp\/v2\/posts\/23595","targetHints":{"allow":["GET"]}}],"collection":[{"href":"https:\/\/raicesjerezanas.com\/index.php?rest_route=\/wp\/v2\/posts"}],"about":[{"href":"https:\/\/raicesjerezanas.com\/index.php?rest_route=\/wp\/v2\/types\/post"}],"author":[{"embeddable":true,"href":"https:\/\/raicesjerezanas.com\/index.php?rest_route=\/wp\/v2\/users\/1"}],"replies":[{"embeddable":true,"href":"https:\/\/raicesjerezanas.com\/index.php?rest_route=%2Fwp%2Fv2%2Fcomments&post=23595"}],"version-history":[{"count":0,"href":"https:\/\/raicesjerezanas.com\/index.php?rest_route=\/wp\/v2\/posts\/23595\/revisions"}],"wp:featuredmedia":[{"embeddable":true,"href":"https:\/\/raicesjerezanas.com\/index.php?rest_route=\/wp\/v2\/media\/23596"}],"wp:attachment":[{"href":"https:\/\/raicesjerezanas.com\/index.php?rest_route=%2Fwp%2Fv2%2Fmedia&parent=23595"}],"wp:term":[{"taxonomy":"category","embeddable":true,"href":"https:\/\/raicesjerezanas.com\/index.php?rest_route=%2Fwp%2Fv2%2Fcategories&post=23595"},{"taxonomy":"post_tag","embeddable":true,"href":"https:\/\/raicesjerezanas.com\/index.php?rest_route=%2Fwp%2Fv2%2Ftags&post=23595"}],"curies":[{"name":"wp","href":"https:\/\/api.w.org\/{rel}","templated":true}]}}