{"id":23607,"date":"2024-03-31T19:12:12","date_gmt":"2024-04-01T01:12:12","guid":{"rendered":"https:\/\/enconecte.com\/?p=23607"},"modified":"2024-03-31T19:12:12","modified_gmt":"2024-04-01T01:12:12","slug":"musica-belleza-y-tradicion-en-el-desfile-de-feria","status":"publish","type":"post","link":"https:\/\/raicesjerezanas.com\/?p=23607","title":{"rendered":"M\u00daSICA, BELLEZA Y TRADICI\u00d3N EN EL DESFILE DE FERIA"},"content":{"rendered":"<p>Con el tradicional desfile de feria, comenzaron las actividades dominicales del m\u00e1ximo festejo de los jerezanos. Cientos de personas se congregaron a lo largo del recorrido, que parti\u00f3 de la Glorieta Garc\u00eda Salinas, recorri\u00f3 las calles del Hospicio y San Luis, hasta llegar al puente del R\u00edo Grande.<\/p>\n<p>La banda municipal Candelario Hu\u00edzar encabez\u00f3 el contingente, abriendo paso a la belleza jerezana. Esta estuvo representada por la corte real del Carnaval 2024, embajadoras de instituciones educativas y organismos sociales de Jerez, quienes han representado al estado en eventos nacionales, reinas de otros municipios y festividades regionales. Adem\u00e1s, participaron grupos de animaci\u00f3n como las bastoneras de la Secundaria Francisco Garc\u00eda Salinas y el grupo de Danza Urbana Monserrat Mu\u00f1oz, as\u00ed como veh\u00edculos de colecci\u00f3n y agrupaciones charras.<\/p>\n<p>El desfile de feria fue parte de la alegr\u00eda que se vivi\u00f3 en el coraz\u00f3n de este pueblo m\u00e1gico de Jerez durante el primer domingo de feria. Decenas de visitantes se llevaron una grata impresi\u00f3n del evento.<\/p>\n<p><a href=\"https:\/\/enconecte.com\/wp-content\/uploads\/2024\/04\/WhatsApp-Image-2024-03-31-at-1.47.22-PM-1.jpeg\"><img loading=\"lazy\" decoding=\"async\" class=\"alignnone size-full wp-image-23608\" src=\"https:\/\/enconecte.com\/wp-content\/uploads\/2024\/04\/WhatsApp-Image-2024-03-31-at-1.47.22-PM-1.jpeg\" alt=\"\" width=\"1600\" height=\"1066\" srcset=\"https:\/\/raicesjerezanas.com\/wp-content\/uploads\/2024\/04\/WhatsApp-Image-2024-03-31-at-1.47.22-PM-1.jpeg 1600w, https:\/\/raicesjerezanas.com\/wp-content\/uploads\/2024\/04\/WhatsApp-Image-2024-03-31-at-1.47.22-PM-1-300x200.jpeg 300w, https:\/\/raicesjerezanas.com\/wp-content\/uploads\/2024\/04\/WhatsApp-Image-2024-03-31-at-1.47.22-PM-1-1024x682.jpeg 1024w, https:\/\/raicesjerezanas.com\/wp-content\/uploads\/2024\/04\/WhatsApp-Image-2024-03-31-at-1.47.22-PM-1-768x512.jpeg 768w, https:\/\/raicesjerezanas.com\/wp-content\/uploads\/2024\/04\/WhatsApp-Image-2024-03-31-at-1.47.22-PM-1-1536x1023.jpeg 1536w\" sizes=\"auto, (max-width: 1600px) 100vw, 1600px\" \/><\/a><\/p>\n","protected":false},"excerpt":{"rendered":"<div class=\"mh-excerpt\"><p>Con el tradicional desfile de feria, comenzaron las actividades dominicales del m\u00e1ximo festejo de los jerezanos. Cientos de personas se congregaron a lo largo del <a class=\"mh-excerpt-more\" href=\"https:\/\/raicesjerezanas.com\/?p=23607\" title=\"M\u00daSICA, BELLEZA Y TRADICI\u00d3N EN EL DESFILE DE FERIA\">&#8230;<\/a><\/p>\n<\/div>","protected":false},"author":1,"featured_media":23609,"comment_status":"closed","ping_status":"closed","sticky":false,"template":"","format":"standard","meta":{"footnotes":""},"categories":[111,102],"tags":[],"class_list":["post-23607","post","type-post","status-publish","format-standard","has-post-thumbnail","hentry","category-feria-jerez","category-noticias-de-jerez"],"_links":{"self":[{"href":"https:\/\/raicesjerezanas.com\/index.php?rest_route=\/wp\/v2\/posts\/23607","targetHints":{"allow":["GET"]}}],"collection":[{"href":"https:\/\/raicesjerezanas.com\/index.php?rest_route=\/wp\/v2\/posts"}],"about":[{"href":"https:\/\/raicesjerezanas.com\/index.php?rest_route=\/wp\/v2\/types\/post"}],"author":[{"embeddable":true,"href":"https:\/\/raicesjerezanas.com\/index.php?rest_route=\/wp\/v2\/users\/1"}],"replies":[{"embeddable":true,"href":"https:\/\/raicesjerezanas.com\/index.php?rest_route=%2Fwp%2Fv2%2Fcomments&post=23607"}],"version-history":[{"count":0,"href":"https:\/\/raicesjerezanas.com\/index.php?rest_route=\/wp\/v2\/posts\/23607\/revisions"}],"wp:featuredmedia":[{"embeddable":true,"href":"https:\/\/raicesjerezanas.com\/index.php?rest_route=\/wp\/v2\/media\/23609"}],"wp:attachment":[{"href":"https:\/\/raicesjerezanas.com\/index.php?rest_route=%2Fwp%2Fv2%2Fmedia&parent=23607"}],"wp:term":[{"taxonomy":"category","embeddable":true,"href":"https:\/\/raicesjerezanas.com\/index.php?rest_route=%2Fwp%2Fv2%2Fcategories&post=23607"},{"taxonomy":"post_tag","embeddable":true,"href":"https:\/\/raicesjerezanas.com\/index.php?rest_route=%2Fwp%2Fv2%2Ftags&post=23607"}],"curies":[{"name":"wp","href":"https:\/\/api.w.org\/{rel}","templated":true}]}}