{"id":23613,"date":"2024-03-31T19:16:02","date_gmt":"2024-04-01T01:16:02","guid":{"rendered":"https:\/\/enconecte.com\/?p=23613"},"modified":"2024-03-31T19:16:02","modified_gmt":"2024-04-01T01:16:02","slug":"con-musica-vernacula-inician-los-espectaculos-en-foro-bicentenario","status":"publish","type":"post","link":"https:\/\/raicesjerezanas.com\/?p=23613","title":{"rendered":"CON M\u00daSICA VERN\u00c1CULA INICIAN LOS ESPECT\u00c1CULOS EN FORO BICENTENARIO."},"content":{"rendered":"<p>Un ameno concierto de mariachi, marc\u00f3 el inicio de los eventos art\u00edsticos del Foro Bicentenario, que presentar\u00e1 espect\u00e1culos alternativos y culturales, como parte del programa que integra la Feria de Primavera Jerez 2024.<\/p>\n<p>Los artistas principales fueron los m\u00fasicos e int\u00e9rpretes del Mariachi Juvenil de Colotl\u00e1n, bajo la direcci\u00f3n de Juan Manuel Murillo, quienes abrieron su participaci\u00f3n con el tema \u00abM\u00e9xico en el coraz\u00f3n\u00bb, seguido de \u00abQue bonita es esta vida\u00bb.<\/p>\n<p>Los instrumentos de los 15 m\u00fasicos que integran la agrupaci\u00f3n cimbraron en el escenario, con la ejecuci\u00f3n de algunos de los temas que forman parte del acervo musical acumulado a lo largo de su carrera art\u00edstica.<\/p>\n<p>Otro grande en el escenario fue el Mariachi Internacional, orgullosamente jerezanos y dirigidos por el Maestro Miguel de la Rosa, quien interpret\u00f3 temas como \u00abTe sigo amando\u00bb y \u00abLa malague\u00f1a\u00bb, haciendo lucir su voz y las habilidades en la m\u00fasica vern\u00e1cula, avaladas por m\u00e1s de 30 a\u00f1os de trayectoria.<\/p>\n<p>El mariachi Sol Azteca tambi\u00e9n intervino con la apertura del concierto, interpretando un popurri de Juan Gabriel y \u00abLa bikina\u00bb, entre otros temas representativos del mismo g\u00e9nero musical.<\/p>\n<p><a href=\"https:\/\/enconecte.com\/wp-content\/uploads\/2024\/04\/WhatsApp-Image-2024-03-31-at-9.30.18-PM.jpeg\"><img loading=\"lazy\" decoding=\"async\" class=\"alignnone size-full wp-image-23615\" src=\"https:\/\/enconecte.com\/wp-content\/uploads\/2024\/04\/WhatsApp-Image-2024-03-31-at-9.30.18-PM.jpeg\" alt=\"\" width=\"1280\" height=\"854\" srcset=\"https:\/\/raicesjerezanas.com\/wp-content\/uploads\/2024\/04\/WhatsApp-Image-2024-03-31-at-9.30.18-PM.jpeg 1280w, https:\/\/raicesjerezanas.com\/wp-content\/uploads\/2024\/04\/WhatsApp-Image-2024-03-31-at-9.30.18-PM-300x200.jpeg 300w, https:\/\/raicesjerezanas.com\/wp-content\/uploads\/2024\/04\/WhatsApp-Image-2024-03-31-at-9.30.18-PM-1024x683.jpeg 1024w, https:\/\/raicesjerezanas.com\/wp-content\/uploads\/2024\/04\/WhatsApp-Image-2024-03-31-at-9.30.18-PM-768x512.jpeg 768w\" sizes=\"auto, (max-width: 1280px) 100vw, 1280px\" \/><\/a><\/p>\n","protected":false},"excerpt":{"rendered":"<div class=\"mh-excerpt\"><p>Un ameno concierto de mariachi, marc\u00f3 el inicio de los eventos art\u00edsticos del Foro Bicentenario, que presentar\u00e1 espect\u00e1culos alternativos y culturales, como parte del programa <a class=\"mh-excerpt-more\" href=\"https:\/\/raicesjerezanas.com\/?p=23613\" title=\"CON M\u00daSICA VERN\u00c1CULA INICIAN LOS ESPECT\u00c1CULOS EN FORO BICENTENARIO.\">&#8230;<\/a><\/p>\n<\/div>","protected":false},"author":1,"featured_media":23614,"comment_status":"closed","ping_status":"closed","sticky":false,"template":"","format":"standard","meta":{"footnotes":""},"categories":[111,102],"tags":[],"class_list":["post-23613","post","type-post","status-publish","format-standard","has-post-thumbnail","hentry","category-feria-jerez","category-noticias-de-jerez"],"_links":{"self":[{"href":"https:\/\/raicesjerezanas.com\/index.php?rest_route=\/wp\/v2\/posts\/23613","targetHints":{"allow":["GET"]}}],"collection":[{"href":"https:\/\/raicesjerezanas.com\/index.php?rest_route=\/wp\/v2\/posts"}],"about":[{"href":"https:\/\/raicesjerezanas.com\/index.php?rest_route=\/wp\/v2\/types\/post"}],"author":[{"embeddable":true,"href":"https:\/\/raicesjerezanas.com\/index.php?rest_route=\/wp\/v2\/users\/1"}],"replies":[{"embeddable":true,"href":"https:\/\/raicesjerezanas.com\/index.php?rest_route=%2Fwp%2Fv2%2Fcomments&post=23613"}],"version-history":[{"count":0,"href":"https:\/\/raicesjerezanas.com\/index.php?rest_route=\/wp\/v2\/posts\/23613\/revisions"}],"wp:featuredmedia":[{"embeddable":true,"href":"https:\/\/raicesjerezanas.com\/index.php?rest_route=\/wp\/v2\/media\/23614"}],"wp:attachment":[{"href":"https:\/\/raicesjerezanas.com\/index.php?rest_route=%2Fwp%2Fv2%2Fmedia&parent=23613"}],"wp:term":[{"taxonomy":"category","embeddable":true,"href":"https:\/\/raicesjerezanas.com\/index.php?rest_route=%2Fwp%2Fv2%2Fcategories&post=23613"},{"taxonomy":"post_tag","embeddable":true,"href":"https:\/\/raicesjerezanas.com\/index.php?rest_route=%2Fwp%2Fv2%2Ftags&post=23613"}],"curies":[{"name":"wp","href":"https:\/\/api.w.org\/{rel}","templated":true}]}}