{"id":23619,"date":"2024-04-01T19:18:16","date_gmt":"2024-04-02T01:18:16","guid":{"rendered":"https:\/\/enconecte.com\/?p=23619"},"modified":"2024-04-01T19:18:16","modified_gmt":"2024-04-02T01:18:16","slug":"en-la-tradicional-carrera-ciclista-de-feria-reconocen-al-pedalista-zacatecano-domingo-gonzalez","status":"publish","type":"post","link":"https:\/\/raicesjerezanas.com\/?p=23619","title":{"rendered":"EN LA TRADICIONAL CARRERA CICLISTA DE FERIA RECONOCEN AL PEDALISTA ZACATECANO DOMINGO GONZ\u00c1LEZ"},"content":{"rendered":"<p>Dentro de la programaci\u00f3n de la Feria de la Primavera en su edici\u00f3n bicentenaria, se llev\u00f3 a cabo la tradicional carrera ciclista de ruta, que tuvo como ingrediente especial el reconocimiento al hist\u00f3rico corredor zacatecano Domingo Gonz\u00e1lez Ram\u00edrez, conocido como el \u201cLobo del Asfalto\u201d, quien dej\u00f3 huella como pedalista profesional.<\/p>\n<p>El evento fue organizado por el \u00e1rea de deportes del Comit\u00e9 de Feria, en colaboraci\u00f3n con la Liga Municipal de Ciclismo. Alrededor de 150 pedalistas tomaron la salida frente al Centro Deportivo y Recreativo Las Margaritas, recorriendo la cabecera municipal de Tepetongo y regresando a esta ciudad, con meta frente al Auditorio Genaro Borrego Estrada, donde se llev\u00f3 a cabo la ceremonia de premiaci\u00f3n.<\/p>\n<p>El comit\u00e9 organizador destin\u00f3 una bolsa a repartir de 30 mil pesos entre los mejores de las ocho categor\u00edas: principiantes en hombres y mujeres, libre varonil y femenil, as\u00ed como M\u00e1ster A, B, C y D. Participaron ciclistas de Aguascalientes, Durango y diversos municipios de Zacatecas, principalmente de Jerez.<\/p>\n<p>Durante el evento se recordaron las haza\u00f1as del ciclista de Villanueva, Domingo Gonz\u00e1lez Ram\u00edrez, quien hizo historia en la Ruta M\u00e9xico al portar durante nueve etapas el su\u00e9ter amarillo de l\u00edder, as\u00ed como por su participaci\u00f3n en los Juegos Ol\u00edmpicos de Atlanta 96, en cuatro ocasiones en juegos centroamericanos y en tres panamericanos, adem\u00e1s de un campeonato del mundo y siete campeonatos panamericanos.<\/p>\n<p>Adem\u00e1s, la comisi\u00f3n deportiva entreg\u00f3 un reconocimiento a los integrantes de la Liga de Ciclismo de Ruta: el presidente Alejandro M\u00e1rquez Flores, el secretario Milton Mart\u00ednez Acevedo y el tesorero Abel M\u00e1rquez Soriano.<\/p>\n<p><a href=\"https:\/\/enconecte.com\/wp-content\/uploads\/2024\/04\/WhatsApp-Image-2024-04-01-at-12.08.41-PM.jpeg\"><img loading=\"lazy\" decoding=\"async\" class=\"alignnone size-full wp-image-23621\" src=\"https:\/\/enconecte.com\/wp-content\/uploads\/2024\/04\/WhatsApp-Image-2024-04-01-at-12.08.41-PM.jpeg\" alt=\"\" width=\"1600\" height=\"1066\" srcset=\"https:\/\/raicesjerezanas.com\/wp-content\/uploads\/2024\/04\/WhatsApp-Image-2024-04-01-at-12.08.41-PM.jpeg 1600w, https:\/\/raicesjerezanas.com\/wp-content\/uploads\/2024\/04\/WhatsApp-Image-2024-04-01-at-12.08.41-PM-300x200.jpeg 300w, https:\/\/raicesjerezanas.com\/wp-content\/uploads\/2024\/04\/WhatsApp-Image-2024-04-01-at-12.08.41-PM-1024x682.jpeg 1024w, https:\/\/raicesjerezanas.com\/wp-content\/uploads\/2024\/04\/WhatsApp-Image-2024-04-01-at-12.08.41-PM-768x512.jpeg 768w, https:\/\/raicesjerezanas.com\/wp-content\/uploads\/2024\/04\/WhatsApp-Image-2024-04-01-at-12.08.41-PM-1536x1023.jpeg 1536w\" sizes=\"auto, (max-width: 1600px) 100vw, 1600px\" \/><\/a><\/p>\n","protected":false},"excerpt":{"rendered":"<div class=\"mh-excerpt\"><p>Dentro de la programaci\u00f3n de la Feria de la Primavera en su edici\u00f3n bicentenaria, se llev\u00f3 a cabo la tradicional carrera ciclista de ruta, que <a class=\"mh-excerpt-more\" href=\"https:\/\/raicesjerezanas.com\/?p=23619\" title=\"EN LA TRADICIONAL CARRERA CICLISTA DE FERIA RECONOCEN AL PEDALISTA ZACATECANO DOMINGO GONZ\u00c1LEZ\">&#8230;<\/a><\/p>\n<\/div>","protected":false},"author":1,"featured_media":23620,"comment_status":"closed","ping_status":"closed","sticky":false,"template":"","format":"standard","meta":{"footnotes":""},"categories":[111,102],"tags":[],"class_list":["post-23619","post","type-post","status-publish","format-standard","has-post-thumbnail","hentry","category-feria-jerez","category-noticias-de-jerez"],"_links":{"self":[{"href":"https:\/\/raicesjerezanas.com\/index.php?rest_route=\/wp\/v2\/posts\/23619","targetHints":{"allow":["GET"]}}],"collection":[{"href":"https:\/\/raicesjerezanas.com\/index.php?rest_route=\/wp\/v2\/posts"}],"about":[{"href":"https:\/\/raicesjerezanas.com\/index.php?rest_route=\/wp\/v2\/types\/post"}],"author":[{"embeddable":true,"href":"https:\/\/raicesjerezanas.com\/index.php?rest_route=\/wp\/v2\/users\/1"}],"replies":[{"embeddable":true,"href":"https:\/\/raicesjerezanas.com\/index.php?rest_route=%2Fwp%2Fv2%2Fcomments&post=23619"}],"version-history":[{"count":0,"href":"https:\/\/raicesjerezanas.com\/index.php?rest_route=\/wp\/v2\/posts\/23619\/revisions"}],"wp:featuredmedia":[{"embeddable":true,"href":"https:\/\/raicesjerezanas.com\/index.php?rest_route=\/wp\/v2\/media\/23620"}],"wp:attachment":[{"href":"https:\/\/raicesjerezanas.com\/index.php?rest_route=%2Fwp%2Fv2%2Fmedia&parent=23619"}],"wp:term":[{"taxonomy":"category","embeddable":true,"href":"https:\/\/raicesjerezanas.com\/index.php?rest_route=%2Fwp%2Fv2%2Fcategories&post=23619"},{"taxonomy":"post_tag","embeddable":true,"href":"https:\/\/raicesjerezanas.com\/index.php?rest_route=%2Fwp%2Fv2%2Ftags&post=23619"}],"curies":[{"name":"wp","href":"https:\/\/api.w.org\/{rel}","templated":true}]}}