{"id":23628,"date":"2024-04-01T19:22:29","date_gmt":"2024-04-02T01:22:29","guid":{"rendered":"https:\/\/enconecte.com\/?p=23628"},"modified":"2024-04-01T19:22:29","modified_gmt":"2024-04-02T01:22:29","slug":"el-foro-bicentenario-presenta-concierto-con-musica-electronica","status":"publish","type":"post","link":"https:\/\/raicesjerezanas.com\/?p=23628","title":{"rendered":"EL FORO BICENTENARIO PRESENTA CONCIERTO CON M\u00daSICA ELECTR\u00d3NICA"},"content":{"rendered":"<p>M\u00fasica y diversi\u00f3n compartieron los participantes del concierto de m\u00fasica electr\u00f3nica en el Foro Bicentenario, que ofreci\u00f3 esta alternativa a los seguidores del g\u00e9nero a trav\u00e9s de la participaci\u00f3n de F\u00f3nica, Luis Dena y Dj\u00b4s invitados al evento de la Feria de Primavera Jerez 2024.<\/p>\n<p>El protagonista de la noche fue Fonica, una de las primeras promotoras en el estado de la m\u00fasica electr\u00f3nica, anteriormente conocidos como Light Song Music. Surgi\u00f3 en el 2008 consolid\u00e1ndose en el 2014 con el nombre actual.<\/p>\n<p>Ra\u00fal Guerrero, Miguel Chac\u00f3n y Alexis Santos son quienes integran Fonica, compartiendo con el p\u00fablico su talento como Dj\u00b4s, ofreciendo un espect\u00e1culo profesional y atractivo generado a trav\u00e9s de la mezcla de ritmos, ambientaci\u00f3n y luces.<\/p>\n<p>Antecedi\u00f3 a Fonica la participaci\u00f3n de Luis Dena, un productor de m\u00fasica electr\u00f3nica y Dj orgullosamente jerezano, que ha compartido escenario con DJ\u00b4s de talla internacional como Steve Aoki y Mariana Bo. Desde el 2021 ha lanzado su m\u00fasica a trav\u00e9s de las plataformas digitales ganando reconocimiento dentro y fuera del Estado.<\/p>\n<p>La apertura del evento corri\u00f3 a cargo de DVNO, Quimera y Tony Ruiz, sumando p\u00fablico durante sus participaciones para disfrutar de la versatilidad del concierto.<\/p>\n<p><a href=\"https:\/\/enconecte.com\/wp-content\/uploads\/2024\/04\/WhatsApp-Image-2024-04-01-at-10.29.40-PM.jpeg\"><img loading=\"lazy\" decoding=\"async\" class=\"alignnone size-full wp-image-23629\" src=\"https:\/\/enconecte.com\/wp-content\/uploads\/2024\/04\/WhatsApp-Image-2024-04-01-at-10.29.40-PM.jpeg\" alt=\"\" width=\"1200\" height=\"800\" srcset=\"https:\/\/raicesjerezanas.com\/wp-content\/uploads\/2024\/04\/WhatsApp-Image-2024-04-01-at-10.29.40-PM.jpeg 1200w, https:\/\/raicesjerezanas.com\/wp-content\/uploads\/2024\/04\/WhatsApp-Image-2024-04-01-at-10.29.40-PM-300x200.jpeg 300w, https:\/\/raicesjerezanas.com\/wp-content\/uploads\/2024\/04\/WhatsApp-Image-2024-04-01-at-10.29.40-PM-1024x683.jpeg 1024w, https:\/\/raicesjerezanas.com\/wp-content\/uploads\/2024\/04\/WhatsApp-Image-2024-04-01-at-10.29.40-PM-768x512.jpeg 768w\" sizes=\"auto, (max-width: 1200px) 100vw, 1200px\" \/><\/a><\/p>\n","protected":false},"excerpt":{"rendered":"<div class=\"mh-excerpt\"><p>M\u00fasica y diversi\u00f3n compartieron los participantes del concierto de m\u00fasica electr\u00f3nica en el Foro Bicentenario, que ofreci\u00f3 esta alternativa a los seguidores del g\u00e9nero a <a class=\"mh-excerpt-more\" href=\"https:\/\/raicesjerezanas.com\/?p=23628\" title=\"EL FORO BICENTENARIO PRESENTA CONCIERTO CON M\u00daSICA ELECTR\u00d3NICA\">&#8230;<\/a><\/p>\n<\/div>","protected":false},"author":1,"featured_media":23630,"comment_status":"closed","ping_status":"closed","sticky":false,"template":"","format":"standard","meta":{"footnotes":""},"categories":[111,102],"tags":[],"class_list":["post-23628","post","type-post","status-publish","format-standard","has-post-thumbnail","hentry","category-feria-jerez","category-noticias-de-jerez"],"_links":{"self":[{"href":"https:\/\/raicesjerezanas.com\/index.php?rest_route=\/wp\/v2\/posts\/23628","targetHints":{"allow":["GET"]}}],"collection":[{"href":"https:\/\/raicesjerezanas.com\/index.php?rest_route=\/wp\/v2\/posts"}],"about":[{"href":"https:\/\/raicesjerezanas.com\/index.php?rest_route=\/wp\/v2\/types\/post"}],"author":[{"embeddable":true,"href":"https:\/\/raicesjerezanas.com\/index.php?rest_route=\/wp\/v2\/users\/1"}],"replies":[{"embeddable":true,"href":"https:\/\/raicesjerezanas.com\/index.php?rest_route=%2Fwp%2Fv2%2Fcomments&post=23628"}],"version-history":[{"count":0,"href":"https:\/\/raicesjerezanas.com\/index.php?rest_route=\/wp\/v2\/posts\/23628\/revisions"}],"wp:featuredmedia":[{"embeddable":true,"href":"https:\/\/raicesjerezanas.com\/index.php?rest_route=\/wp\/v2\/media\/23630"}],"wp:attachment":[{"href":"https:\/\/raicesjerezanas.com\/index.php?rest_route=%2Fwp%2Fv2%2Fmedia&parent=23628"}],"wp:term":[{"taxonomy":"category","embeddable":true,"href":"https:\/\/raicesjerezanas.com\/index.php?rest_route=%2Fwp%2Fv2%2Fcategories&post=23628"},{"taxonomy":"post_tag","embeddable":true,"href":"https:\/\/raicesjerezanas.com\/index.php?rest_route=%2Fwp%2Fv2%2Ftags&post=23628"}],"curies":[{"name":"wp","href":"https:\/\/api.w.org\/{rel}","templated":true}]}}