{"id":23631,"date":"2024-04-02T19:23:16","date_gmt":"2024-04-03T01:23:16","guid":{"rendered":"https:\/\/enconecte.com\/?p=23631"},"modified":"2024-04-02T19:23:16","modified_gmt":"2024-04-03T01:23:16","slug":"mas-vigente-que-nunca-el-conjunto-primavera-abarroto-el-escenario-de-la-feria","status":"publish","type":"post","link":"https:\/\/raicesjerezanas.com\/?p=23631","title":{"rendered":"M\u00c1S VIGENTE QUE NUNCA, EL CONJUNTO PRIMAVERA ABARROT\u00d3 EL ESCENARIO DE LA FERIA"},"content":{"rendered":"<p>El conjunto Primavera demostr\u00f3 que sigue tan vigente en el gusto del p\u00fablico, como lo ha sido por d\u00e9cadas y eso qued\u00f3 de manifiesto durante el concierto en la Explanada de la Feria, donde sus grandes \u00e9xitos cautivaron a los miles de seguidores que se dieron cita para ser parte de un espect\u00e1culo digno de los mejores escenarios y el de Jerez, no pod\u00eda ser la excepci\u00f3n, en el 200 aniversario de la m\u00e1xima festividad del Pueblo m\u00e1s alegre de M\u00e9xico.<\/p>\n<p>La emoci\u00f3n se vivi\u00f3 desde que se anunci\u00f3 a cada integrante del grupo estelar de la noche y creci\u00f3 intensamente al escucharse el sonido caracter\u00edstico del saxof\u00f3n de Juan Dom\u00ednguez, llegando al m\u00e1ximo en el momento en que Tony Mel\u00e9ndez comenz\u00f3 a cantar Una vez m\u00e1s y luego temas como No te pod\u00edas quedar, Actos de un tonto, Recuerdos de una Noche, Diez Kil\u00f3metros, Amigo Mesero y una larga cadena de \u00e9xitos, que reflejan la historia musical de 46 a\u00f1os.<\/p>\n<p>Noche de romanticismo, rancheras pegadoras, lo mismo que cumbias, norte\u00f1as, sin faltar los corridos y se arm\u00f3 el baile con el extenso repertorio de esta agrupaci\u00f3n que tiene sus or\u00edgenes en Ojinaga, Chihuahua, digna representante de la M\u00fasica Regional Mexicana y en especial del subg\u00e9nero conocido como Norte\u00f1o Sax.<\/p>\n<p><a href=\"https:\/\/enconecte.com\/wp-content\/uploads\/2024\/04\/WhatsApp-Image-2024-04-02-at-7.11.00-AM.jpeg\"><img loading=\"lazy\" decoding=\"async\" class=\"alignnone size-full wp-image-23633\" src=\"https:\/\/enconecte.com\/wp-content\/uploads\/2024\/04\/WhatsApp-Image-2024-04-02-at-7.11.00-AM.jpeg\" alt=\"\" width=\"1200\" height=\"800\" srcset=\"https:\/\/raicesjerezanas.com\/wp-content\/uploads\/2024\/04\/WhatsApp-Image-2024-04-02-at-7.11.00-AM.jpeg 1200w, https:\/\/raicesjerezanas.com\/wp-content\/uploads\/2024\/04\/WhatsApp-Image-2024-04-02-at-7.11.00-AM-300x200.jpeg 300w, https:\/\/raicesjerezanas.com\/wp-content\/uploads\/2024\/04\/WhatsApp-Image-2024-04-02-at-7.11.00-AM-1024x683.jpeg 1024w, https:\/\/raicesjerezanas.com\/wp-content\/uploads\/2024\/04\/WhatsApp-Image-2024-04-02-at-7.11.00-AM-768x512.jpeg 768w\" sizes=\"auto, (max-width: 1200px) 100vw, 1200px\" \/><\/a><\/p>\n<p>Igualmente se escuch\u00f3 Necesito decirte, Borracho y Loco, Me Norti\u00e9, Ave Cautiva, Morir de Amor, Algo de m\u00ed, Perd\u00f3name mi amor, Te llor\u00e9, jugando al Amor, Olv\u00eddame y otros temas que los asistentes siguieron al un\u00edsono con el conjunto Primavera.<\/p>\n<p>Previamente, el cantante de norte\u00f1o Juan Soria y sus Aves Reales, pusieron en ambiente al p\u00fablico, que se hizo presente a temprana hora.<\/p>\n<p>Este martes contin\u00faa la programaci\u00f3n art\u00edstica; en el magno escenario ser\u00e1 el retorno a Jerez del cantante de banda Luis \u00c1ngel el Flaco y en el Foro Bicentenario, frente a la presidencia municipal, sonar\u00e1 el requinto, bajo y guitarras, a partir de las 17:00 horas con la historia musical a cargo de Los Dandy\u00b4s.<\/p>\n","protected":false},"excerpt":{"rendered":"<div class=\"mh-excerpt\"><p>El conjunto Primavera demostr\u00f3 que sigue tan vigente en el gusto del p\u00fablico, como lo ha sido por d\u00e9cadas y eso qued\u00f3 de manifiesto durante <a class=\"mh-excerpt-more\" href=\"https:\/\/raicesjerezanas.com\/?p=23631\" title=\"M\u00c1S VIGENTE QUE NUNCA, EL CONJUNTO PRIMAVERA ABARROT\u00d3 EL ESCENARIO DE LA FERIA\">&#8230;<\/a><\/p>\n<\/div>","protected":false},"author":1,"featured_media":23632,"comment_status":"closed","ping_status":"closed","sticky":false,"template":"","format":"standard","meta":{"footnotes":""},"categories":[111,102],"tags":[],"class_list":["post-23631","post","type-post","status-publish","format-standard","has-post-thumbnail","hentry","category-feria-jerez","category-noticias-de-jerez"],"_links":{"self":[{"href":"https:\/\/raicesjerezanas.com\/index.php?rest_route=\/wp\/v2\/posts\/23631","targetHints":{"allow":["GET"]}}],"collection":[{"href":"https:\/\/raicesjerezanas.com\/index.php?rest_route=\/wp\/v2\/posts"}],"about":[{"href":"https:\/\/raicesjerezanas.com\/index.php?rest_route=\/wp\/v2\/types\/post"}],"author":[{"embeddable":true,"href":"https:\/\/raicesjerezanas.com\/index.php?rest_route=\/wp\/v2\/users\/1"}],"replies":[{"embeddable":true,"href":"https:\/\/raicesjerezanas.com\/index.php?rest_route=%2Fwp%2Fv2%2Fcomments&post=23631"}],"version-history":[{"count":0,"href":"https:\/\/raicesjerezanas.com\/index.php?rest_route=\/wp\/v2\/posts\/23631\/revisions"}],"wp:featuredmedia":[{"embeddable":true,"href":"https:\/\/raicesjerezanas.com\/index.php?rest_route=\/wp\/v2\/media\/23632"}],"wp:attachment":[{"href":"https:\/\/raicesjerezanas.com\/index.php?rest_route=%2Fwp%2Fv2%2Fmedia&parent=23631"}],"wp:term":[{"taxonomy":"category","embeddable":true,"href":"https:\/\/raicesjerezanas.com\/index.php?rest_route=%2Fwp%2Fv2%2Fcategories&post=23631"},{"taxonomy":"post_tag","embeddable":true,"href":"https:\/\/raicesjerezanas.com\/index.php?rest_route=%2Fwp%2Fv2%2Ftags&post=23631"}],"curies":[{"name":"wp","href":"https:\/\/api.w.org\/{rel}","templated":true}]}}