{"id":23634,"date":"2024-04-02T19:25:15","date_gmt":"2024-04-03T01:25:15","guid":{"rendered":"https:\/\/enconecte.com\/?p=23634"},"modified":"2024-04-02T19:25:15","modified_gmt":"2024-04-03T01:25:15","slug":"buena-participacion-registro-el-torneo-de-futbol-juvenil-de-la-feria","status":"publish","type":"post","link":"https:\/\/raicesjerezanas.com\/?p=23634","title":{"rendered":"BUENA PARTICIPACI\u00d3N REGISTR\u00d3 EL TORNEO DE FUTBOL JUVENIL DE LA FERIA"},"content":{"rendered":"<p>El torneo de f\u00fatbol de feria en su categor\u00eda juvenil, para jugadores nacidos entre los a\u00f1os 2010 y 2011, reuni\u00f3 en esta ciudad a equipos provenientes de diversas partes de la entidad, as\u00ed como del estado de Aguascalientes y conjuntos locales, en el marco de los 200 a\u00f1os de la festividad m\u00e1s importante de la regi\u00f3n.<\/p>\n<p>El protocolo inaugural se desarroll\u00f3 en el estadio Ram\u00f3n L\u00f3pez Velarde, con la presencia de autoridades municipales y la coordinaci\u00f3n deportiva del comit\u00e9 de feria; ah\u00ed el presidente de la Liga Municipal de F\u00fatbol juvenil, Freddy Aguilar, dio la bienvenida a equipos provenientes de otros lugares, as\u00ed como a instructores y padres de familia, que con su apoyo hacen posible este tipo de convivencias deportivas.<\/p>\n<p>Los equipos participantes son Monte Escobedo, Gallos Negros de Guadalupe, Vi\u00f1adores de Ojocaliente, Liverpool Kids de Asientos Aguascalientes, Santa Cecilia de Villanueva, Renace de Tlaltenango, Liga de futbol de Trancoso y los conjuntos locales, Lobos de Jerez, Fovissste futbol Club, Rayados Uni\u00f3n Jerez y Frailes de Jerez.<\/p>\n<p>Por la cantidad de participantes se destinaron en base al sorteo, dos escenarios para la fase de eliminaci\u00f3n directa, en la cancha de la unidad deportiva y el propio estadio Ram\u00f3n L\u00f3pez Velarde, este \u00faltimo tambi\u00e9n sede de la final y premiaci\u00f3n.<\/p>\n<p><a href=\"https:\/\/enconecte.com\/wp-content\/uploads\/2024\/04\/WhatsApp-Image-2024-04-02-at-10.38.57-AM.jpeg\"><img loading=\"lazy\" decoding=\"async\" class=\"alignnone size-full wp-image-23636\" src=\"https:\/\/enconecte.com\/wp-content\/uploads\/2024\/04\/WhatsApp-Image-2024-04-02-at-10.38.57-AM.jpeg\" alt=\"\" width=\"1600\" height=\"1066\" srcset=\"https:\/\/raicesjerezanas.com\/wp-content\/uploads\/2024\/04\/WhatsApp-Image-2024-04-02-at-10.38.57-AM.jpeg 1600w, https:\/\/raicesjerezanas.com\/wp-content\/uploads\/2024\/04\/WhatsApp-Image-2024-04-02-at-10.38.57-AM-300x200.jpeg 300w, https:\/\/raicesjerezanas.com\/wp-content\/uploads\/2024\/04\/WhatsApp-Image-2024-04-02-at-10.38.57-AM-1024x682.jpeg 1024w, https:\/\/raicesjerezanas.com\/wp-content\/uploads\/2024\/04\/WhatsApp-Image-2024-04-02-at-10.38.57-AM-768x512.jpeg 768w, https:\/\/raicesjerezanas.com\/wp-content\/uploads\/2024\/04\/WhatsApp-Image-2024-04-02-at-10.38.57-AM-1536x1023.jpeg 1536w\" sizes=\"auto, (max-width: 1600px) 100vw, 1600px\" \/><\/a><\/p>\n","protected":false},"excerpt":{"rendered":"<div class=\"mh-excerpt\"><p>El torneo de f\u00fatbol de feria en su categor\u00eda juvenil, para jugadores nacidos entre los a\u00f1os 2010 y 2011, reuni\u00f3 en esta ciudad a equipos <a class=\"mh-excerpt-more\" href=\"https:\/\/raicesjerezanas.com\/?p=23634\" title=\"BUENA PARTICIPACI\u00d3N REGISTR\u00d3 EL TORNEO DE FUTBOL JUVENIL DE LA FERIA\">&#8230;<\/a><\/p>\n<\/div>","protected":false},"author":1,"featured_media":23635,"comment_status":"closed","ping_status":"closed","sticky":false,"template":"","format":"standard","meta":{"footnotes":""},"categories":[111,102],"tags":[],"class_list":["post-23634","post","type-post","status-publish","format-standard","has-post-thumbnail","hentry","category-feria-jerez","category-noticias-de-jerez"],"_links":{"self":[{"href":"https:\/\/raicesjerezanas.com\/index.php?rest_route=\/wp\/v2\/posts\/23634","targetHints":{"allow":["GET"]}}],"collection":[{"href":"https:\/\/raicesjerezanas.com\/index.php?rest_route=\/wp\/v2\/posts"}],"about":[{"href":"https:\/\/raicesjerezanas.com\/index.php?rest_route=\/wp\/v2\/types\/post"}],"author":[{"embeddable":true,"href":"https:\/\/raicesjerezanas.com\/index.php?rest_route=\/wp\/v2\/users\/1"}],"replies":[{"embeddable":true,"href":"https:\/\/raicesjerezanas.com\/index.php?rest_route=%2Fwp%2Fv2%2Fcomments&post=23634"}],"version-history":[{"count":0,"href":"https:\/\/raicesjerezanas.com\/index.php?rest_route=\/wp\/v2\/posts\/23634\/revisions"}],"wp:featuredmedia":[{"embeddable":true,"href":"https:\/\/raicesjerezanas.com\/index.php?rest_route=\/wp\/v2\/media\/23635"}],"wp:attachment":[{"href":"https:\/\/raicesjerezanas.com\/index.php?rest_route=%2Fwp%2Fv2%2Fmedia&parent=23634"}],"wp:term":[{"taxonomy":"category","embeddable":true,"href":"https:\/\/raicesjerezanas.com\/index.php?rest_route=%2Fwp%2Fv2%2Fcategories&post=23634"},{"taxonomy":"post_tag","embeddable":true,"href":"https:\/\/raicesjerezanas.com\/index.php?rest_route=%2Fwp%2Fv2%2Ftags&post=23634"}],"curies":[{"name":"wp","href":"https:\/\/api.w.org\/{rel}","templated":true}]}}