{"id":23637,"date":"2024-04-02T19:26:13","date_gmt":"2024-04-03T01:26:13","guid":{"rendered":"https:\/\/enconecte.com\/?p=23637"},"modified":"2024-04-02T19:26:13","modified_gmt":"2024-04-03T01:26:13","slug":"la-reina-de-la-feria-de-primavera-yazmin-i-asume-el-cargo-de-presidenta-por-una-hora","status":"publish","type":"post","link":"https:\/\/raicesjerezanas.com\/?p=23637","title":{"rendered":"LA REINA DE LA FERIA DE PRIMAVERA YAZMIN I, ASUME EL CARGO DE PRESIDENTA POR UNA HORA"},"content":{"rendered":"<p>La reina de la Feria de Primavera Jerez 2024 Yazm\u00edn I, tom\u00f3 posesi\u00f3n como Presidenta Municipal por una hora, retomando con ello una tradici\u00f3n ferial de muchos a\u00f1os.<\/p>\n<p>Con la fusi\u00f3n de belleza, inteligencia y responsabilidad, la corte real que tambi\u00e9n integran Merari y Samantha, atendieron las audiencias programadas para este lapso en el despacho municipal.<br \/>\nObsequiando boletos para la lucha libre, juguetes y canalizando necesidades y peticiones al Departamento de Atenci\u00f3n Ciudadana para el tr\u00e1mite correspondiente.<\/p>\n<p>As\u00ed mismo, Yazm\u00edn anunci\u00f3 que el d\u00eda 8 de abril, los juegos mec\u00e1nicos ser\u00e1n gratis para ni\u00f1os y ni\u00f1as que quieran asistir, en horario de 5 a 6 de la tarde.<\/p>\n<p><a href=\"https:\/\/enconecte.com\/wp-content\/uploads\/2024\/04\/WhatsApp-Image-2024-04-02-at-1.43.29-PM-1.jpeg\"><img loading=\"lazy\" decoding=\"async\" class=\"alignnone size-full wp-image-23639\" src=\"https:\/\/enconecte.com\/wp-content\/uploads\/2024\/04\/WhatsApp-Image-2024-04-02-at-1.43.29-PM-1.jpeg\" alt=\"\" width=\"1200\" height=\"800\" srcset=\"https:\/\/raicesjerezanas.com\/wp-content\/uploads\/2024\/04\/WhatsApp-Image-2024-04-02-at-1.43.29-PM-1.jpeg 1200w, https:\/\/raicesjerezanas.com\/wp-content\/uploads\/2024\/04\/WhatsApp-Image-2024-04-02-at-1.43.29-PM-1-300x200.jpeg 300w, https:\/\/raicesjerezanas.com\/wp-content\/uploads\/2024\/04\/WhatsApp-Image-2024-04-02-at-1.43.29-PM-1-1024x683.jpeg 1024w, https:\/\/raicesjerezanas.com\/wp-content\/uploads\/2024\/04\/WhatsApp-Image-2024-04-02-at-1.43.29-PM-1-768x512.jpeg 768w\" sizes=\"auto, (max-width: 1200px) 100vw, 1200px\" \/><\/a><\/p>\n","protected":false},"excerpt":{"rendered":"<div class=\"mh-excerpt\"><p>La reina de la Feria de Primavera Jerez 2024 Yazm\u00edn I, tom\u00f3 posesi\u00f3n como Presidenta Municipal por una hora, retomando con ello una tradici\u00f3n ferial <a class=\"mh-excerpt-more\" href=\"https:\/\/raicesjerezanas.com\/?p=23637\" title=\"LA REINA DE LA FERIA DE PRIMAVERA YAZMIN I, ASUME EL CARGO DE PRESIDENTA POR UNA HORA\">&#8230;<\/a><\/p>\n<\/div>","protected":false},"author":1,"featured_media":23638,"comment_status":"closed","ping_status":"closed","sticky":false,"template":"","format":"standard","meta":{"footnotes":""},"categories":[111,102],"tags":[],"class_list":["post-23637","post","type-post","status-publish","format-standard","has-post-thumbnail","hentry","category-feria-jerez","category-noticias-de-jerez"],"_links":{"self":[{"href":"https:\/\/raicesjerezanas.com\/index.php?rest_route=\/wp\/v2\/posts\/23637","targetHints":{"allow":["GET"]}}],"collection":[{"href":"https:\/\/raicesjerezanas.com\/index.php?rest_route=\/wp\/v2\/posts"}],"about":[{"href":"https:\/\/raicesjerezanas.com\/index.php?rest_route=\/wp\/v2\/types\/post"}],"author":[{"embeddable":true,"href":"https:\/\/raicesjerezanas.com\/index.php?rest_route=\/wp\/v2\/users\/1"}],"replies":[{"embeddable":true,"href":"https:\/\/raicesjerezanas.com\/index.php?rest_route=%2Fwp%2Fv2%2Fcomments&post=23637"}],"version-history":[{"count":0,"href":"https:\/\/raicesjerezanas.com\/index.php?rest_route=\/wp\/v2\/posts\/23637\/revisions"}],"wp:featuredmedia":[{"embeddable":true,"href":"https:\/\/raicesjerezanas.com\/index.php?rest_route=\/wp\/v2\/media\/23638"}],"wp:attachment":[{"href":"https:\/\/raicesjerezanas.com\/index.php?rest_route=%2Fwp%2Fv2%2Fmedia&parent=23637"}],"wp:term":[{"taxonomy":"category","embeddable":true,"href":"https:\/\/raicesjerezanas.com\/index.php?rest_route=%2Fwp%2Fv2%2Fcategories&post=23637"},{"taxonomy":"post_tag","embeddable":true,"href":"https:\/\/raicesjerezanas.com\/index.php?rest_route=%2Fwp%2Fv2%2Ftags&post=23637"}],"curies":[{"name":"wp","href":"https:\/\/api.w.org\/{rel}","templated":true}]}}