{"id":23643,"date":"2024-04-03T19:27:54","date_gmt":"2024-04-04T01:27:54","guid":{"rendered":"https:\/\/enconecte.com\/?p=23643"},"modified":"2024-04-03T19:27:54","modified_gmt":"2024-04-04T01:27:54","slug":"luis-angel-el-flaco-canta-sus-exitos-en-el-bicentenario-de-la-feria","status":"publish","type":"post","link":"https:\/\/raicesjerezanas.com\/?p=23643","title":{"rendered":"LUIS \u00c1NGEL \u00abEL FLACO\u00bb CANTA SUS \u00c9XITOS EN EL BICENTENARIO DE LA FERIA"},"content":{"rendered":"<p>La explanada de la Feria de Primavera Jerez 2024 en su 200 aniversario, reson\u00f3 con la m\u00fasica de banda y la presencia de Luis \u00c1ngel \u00abEl Flaco\u00bb, que celebra tambi\u00e9n 25 a\u00f1os de carrera art\u00edstica.<\/p>\n<p>Termin\u00f3 la espera de su presentaci\u00f3n comenzando la fiesta al ritmo de su m\u00fasica y la iluminaci\u00f3n de pirotecnia, seguido de \u00abacabame de matar\u00bb , \u00abdeja\u00bb, \u00abmi mayor anhelo\u00bb \u00abMicaela\u00bb \u00abla chona\u00bb y muchas m\u00e1s.<\/p>\n<p>Euforia, emociones y baile provoc\u00f3 el sinaloense ex vocalista de Los Recoditos, desde el escenario y la interpretaci\u00f3n de \u00abEl que te amo\u00bb , \u00abNo le hago falta\u00bb, \u00abY si se quiere ir\u00bb y de su m\u00e1s reciente producci\u00f3n \u00abhasta el \u00faltimo momento\u00bb<\/p>\n<p>Una gran voz y presencia hizo lucir a Luis \u00c1ngel El Flaco en su primer presentaci\u00f3n como solista en Jerez, que fue ovacionada y coreada por el p\u00fablico en la letra de las canciones que le dieron fama y \u00e9xitos del g\u00e9nero regional mexicano.<\/p>\n<p>Los talentos locales Cristian de Haro y Eduardo y su Mismo Estilo, antecedieron a Luis \u00c1ngel, ambientando a los presentes al comenzar la noche.<\/p>\n<p><a href=\"https:\/\/enconecte.com\/wp-content\/uploads\/2024\/04\/WhatsApp-Image-2024-04-03-at-1.00.19-AM-1.jpeg\"><img loading=\"lazy\" decoding=\"async\" class=\"alignnone size-full wp-image-23644\" src=\"https:\/\/enconecte.com\/wp-content\/uploads\/2024\/04\/WhatsApp-Image-2024-04-03-at-1.00.19-AM-1.jpeg\" alt=\"\" width=\"1200\" height=\"800\" srcset=\"https:\/\/raicesjerezanas.com\/wp-content\/uploads\/2024\/04\/WhatsApp-Image-2024-04-03-at-1.00.19-AM-1.jpeg 1200w, https:\/\/raicesjerezanas.com\/wp-content\/uploads\/2024\/04\/WhatsApp-Image-2024-04-03-at-1.00.19-AM-1-300x200.jpeg 300w, https:\/\/raicesjerezanas.com\/wp-content\/uploads\/2024\/04\/WhatsApp-Image-2024-04-03-at-1.00.19-AM-1-1024x683.jpeg 1024w, https:\/\/raicesjerezanas.com\/wp-content\/uploads\/2024\/04\/WhatsApp-Image-2024-04-03-at-1.00.19-AM-1-768x512.jpeg 768w\" sizes=\"auto, (max-width: 1200px) 100vw, 1200px\" \/><\/a><\/p>\n","protected":false},"excerpt":{"rendered":"<div class=\"mh-excerpt\"><p>La explanada de la Feria de Primavera Jerez 2024 en su 200 aniversario, reson\u00f3 con la m\u00fasica de banda y la presencia de Luis \u00c1ngel <a class=\"mh-excerpt-more\" href=\"https:\/\/raicesjerezanas.com\/?p=23643\" title=\"LUIS \u00c1NGEL \u00abEL FLACO\u00bb CANTA SUS \u00c9XITOS EN EL BICENTENARIO DE LA FERIA\">&#8230;<\/a><\/p>\n<\/div>","protected":false},"author":1,"featured_media":23645,"comment_status":"closed","ping_status":"closed","sticky":false,"template":"","format":"standard","meta":{"footnotes":""},"categories":[111,102],"tags":[],"class_list":["post-23643","post","type-post","status-publish","format-standard","has-post-thumbnail","hentry","category-feria-jerez","category-noticias-de-jerez"],"_links":{"self":[{"href":"https:\/\/raicesjerezanas.com\/index.php?rest_route=\/wp\/v2\/posts\/23643","targetHints":{"allow":["GET"]}}],"collection":[{"href":"https:\/\/raicesjerezanas.com\/index.php?rest_route=\/wp\/v2\/posts"}],"about":[{"href":"https:\/\/raicesjerezanas.com\/index.php?rest_route=\/wp\/v2\/types\/post"}],"author":[{"embeddable":true,"href":"https:\/\/raicesjerezanas.com\/index.php?rest_route=\/wp\/v2\/users\/1"}],"replies":[{"embeddable":true,"href":"https:\/\/raicesjerezanas.com\/index.php?rest_route=%2Fwp%2Fv2%2Fcomments&post=23643"}],"version-history":[{"count":0,"href":"https:\/\/raicesjerezanas.com\/index.php?rest_route=\/wp\/v2\/posts\/23643\/revisions"}],"wp:featuredmedia":[{"embeddable":true,"href":"https:\/\/raicesjerezanas.com\/index.php?rest_route=\/wp\/v2\/media\/23645"}],"wp:attachment":[{"href":"https:\/\/raicesjerezanas.com\/index.php?rest_route=%2Fwp%2Fv2%2Fmedia&parent=23643"}],"wp:term":[{"taxonomy":"category","embeddable":true,"href":"https:\/\/raicesjerezanas.com\/index.php?rest_route=%2Fwp%2Fv2%2Fcategories&post=23643"},{"taxonomy":"post_tag","embeddable":true,"href":"https:\/\/raicesjerezanas.com\/index.php?rest_route=%2Fwp%2Fv2%2Ftags&post=23643"}],"curies":[{"name":"wp","href":"https:\/\/api.w.org\/{rel}","templated":true}]}}