{"id":23646,"date":"2024-04-03T19:28:46","date_gmt":"2024-04-04T01:28:46","guid":{"rendered":"https:\/\/enconecte.com\/?p=23646"},"modified":"2024-04-03T19:28:46","modified_gmt":"2024-04-04T01:28:46","slug":"rugieron-motores-de-los-4-por-4-en-la-ruta-de-feria-organizada-por-el-club-carroneros","status":"publish","type":"post","link":"https:\/\/raicesjerezanas.com\/?p=23646","title":{"rendered":"RUGIERON MOTORES DE LOS 4 POR 4 EN LA RUTA DE FERIA ORGANIZADA POR EL CLUB CARRO\u00d1EROS"},"content":{"rendered":"<p>Alrededor de 60 participantes tomaron la salida en la ruta Primavera Jeeperos 2024, organizada por el Comit\u00e9 de la Feria y el Club Carro\u00f1eros de Jerez. Este evento reuni\u00f3 a aficionados de este deporte de aventura provenientes de Aguascalientes, Celaya, Guanajuato, Zacatecas, Fresnillo, Valpara\u00edso, Colotl\u00e1n y Huej\u00facar.<\/p>\n<p>Frente a la presidencia municipal, se llev\u00f3 a cabo el protocolo de inicio a cargo del Comit\u00e9 de la Feria de Primavera y los directivos del club anfitri\u00f3n. Cruz Daniel Flores Sol\u00eds, presidente del grupo, agradeci\u00f3 la presencia de los integrantes de los diversos clubes participantes y sus familias que tomaron parte en este evento.<\/p>\n<p>La ruta tuvo un trayecto que comenz\u00f3 en la salida al rancho Alfaro, en el que se consideraron parajes naturales para ser observados por las familias participantes. El recorrido pas\u00f3 por la comunidad de La Labor, Ermita de Guadalupe, Susticac\u00e1n, El Huejote, Los Morales, El Cargadero, el ascenso a la sierra de Los Cardos, para finalmente retornar a San Juan del Centro y concluir en el rancho Santa Luc\u00eda, donde se program\u00f3 una convivencia para los propietarios de veh\u00edculos 4&#215;4.<\/p>\n<p><a href=\"https:\/\/enconecte.com\/wp-content\/uploads\/2024\/04\/WhatsApp-Image-2024-04-03-at-6.13.28-PM-1.jpeg\"><img loading=\"lazy\" decoding=\"async\" class=\"alignnone size-full wp-image-23647\" src=\"https:\/\/enconecte.com\/wp-content\/uploads\/2024\/04\/WhatsApp-Image-2024-04-03-at-6.13.28-PM-1.jpeg\" alt=\"\" width=\"1280\" height=\"853\" srcset=\"https:\/\/raicesjerezanas.com\/wp-content\/uploads\/2024\/04\/WhatsApp-Image-2024-04-03-at-6.13.28-PM-1.jpeg 1280w, https:\/\/raicesjerezanas.com\/wp-content\/uploads\/2024\/04\/WhatsApp-Image-2024-04-03-at-6.13.28-PM-1-300x200.jpeg 300w, https:\/\/raicesjerezanas.com\/wp-content\/uploads\/2024\/04\/WhatsApp-Image-2024-04-03-at-6.13.28-PM-1-1024x682.jpeg 1024w, https:\/\/raicesjerezanas.com\/wp-content\/uploads\/2024\/04\/WhatsApp-Image-2024-04-03-at-6.13.28-PM-1-768x512.jpeg 768w\" sizes=\"auto, (max-width: 1280px) 100vw, 1280px\" \/><\/a><\/p>\n","protected":false},"excerpt":{"rendered":"<div class=\"mh-excerpt\"><p>Alrededor de 60 participantes tomaron la salida en la ruta Primavera Jeeperos 2024, organizada por el Comit\u00e9 de la Feria y el Club Carro\u00f1eros de <a class=\"mh-excerpt-more\" href=\"https:\/\/raicesjerezanas.com\/?p=23646\" title=\"RUGIERON MOTORES DE LOS 4 POR 4 EN LA RUTA DE FERIA ORGANIZADA POR EL CLUB CARRO\u00d1EROS\">&#8230;<\/a><\/p>\n<\/div>","protected":false},"author":1,"featured_media":23648,"comment_status":"closed","ping_status":"closed","sticky":false,"template":"","format":"standard","meta":{"footnotes":""},"categories":[111,102],"tags":[],"class_list":["post-23646","post","type-post","status-publish","format-standard","has-post-thumbnail","hentry","category-feria-jerez","category-noticias-de-jerez"],"_links":{"self":[{"href":"https:\/\/raicesjerezanas.com\/index.php?rest_route=\/wp\/v2\/posts\/23646","targetHints":{"allow":["GET"]}}],"collection":[{"href":"https:\/\/raicesjerezanas.com\/index.php?rest_route=\/wp\/v2\/posts"}],"about":[{"href":"https:\/\/raicesjerezanas.com\/index.php?rest_route=\/wp\/v2\/types\/post"}],"author":[{"embeddable":true,"href":"https:\/\/raicesjerezanas.com\/index.php?rest_route=\/wp\/v2\/users\/1"}],"replies":[{"embeddable":true,"href":"https:\/\/raicesjerezanas.com\/index.php?rest_route=%2Fwp%2Fv2%2Fcomments&post=23646"}],"version-history":[{"count":0,"href":"https:\/\/raicesjerezanas.com\/index.php?rest_route=\/wp\/v2\/posts\/23646\/revisions"}],"wp:featuredmedia":[{"embeddable":true,"href":"https:\/\/raicesjerezanas.com\/index.php?rest_route=\/wp\/v2\/media\/23648"}],"wp:attachment":[{"href":"https:\/\/raicesjerezanas.com\/index.php?rest_route=%2Fwp%2Fv2%2Fmedia&parent=23646"}],"wp:term":[{"taxonomy":"category","embeddable":true,"href":"https:\/\/raicesjerezanas.com\/index.php?rest_route=%2Fwp%2Fv2%2Fcategories&post=23646"},{"taxonomy":"post_tag","embeddable":true,"href":"https:\/\/raicesjerezanas.com\/index.php?rest_route=%2Fwp%2Fv2%2Ftags&post=23646"}],"curies":[{"name":"wp","href":"https:\/\/api.w.org\/{rel}","templated":true}]}}