{"id":23658,"date":"2024-04-04T19:33:55","date_gmt":"2024-04-05T01:33:55","guid":{"rendered":"https:\/\/enconecte.com\/?p=23658"},"modified":"2024-04-04T19:33:55","modified_gmt":"2024-04-05T01:33:55","slug":"emociones-y-buen-futbol-en-el-torneo-infantil-de-feria","status":"publish","type":"post","link":"https:\/\/raicesjerezanas.com\/?p=23658","title":{"rendered":"EMOCIONES Y BUEN FUTBOL EN EL TORNEO INFANTIL DE FERIA"},"content":{"rendered":"<p>Equipos y escuelas de ni\u00f1os futbolistas participaron en el torneo infantil de Feria en las categor\u00edas \u00abDiente de Leche\u00bb, para nacidos entre los a\u00f1os 2016 y 2017; \u00abCachorros\u00bb, correspondiente a los nacidos en 2014-2015, e \u00abInfantil Menor\u00bb para los de 2012 y 2013. Esta convivencia deportiva fue organizada por el Comit\u00e9 de Feria a trav\u00e9s de la coordinaci\u00f3n deportiva y la Liga Infantil de F\u00fatbol.<\/p>\n<p>El protocolo inaugural incluy\u00f3 el desfile de los equipos y escuelas participantes: Tepetongo, Huej\u00facar, Gallos Negros, Le\u00f3n 400, CCA, H.E. 5, UAZ, Coyotes del Maguey, Pumas Rebel, Ermita de Guadalupe, Barcita, Frailes y Selecci\u00f3n Jerez.<\/p>\n<p>De acuerdo con el sistema de competencia, que se bas\u00f3 en grupos, se disputaron un total de 35 encuentros a lo largo del d\u00eda. Estos se llevaron a cabo en el estadio Ram\u00f3n L\u00f3pez Velarde, adaptado en dos canchas, as\u00ed como en el campo Roberto Zapata Esparza y el Benjam\u00edn Galindo.<\/p>\n<p>En la categor\u00eda \u00abDiente de Leche\u00bb, el triunfo fue para la selecci\u00f3n Jerez, que enfrent\u00f3 en la final a la UAZ. En la categor\u00eda \u00abCachorros\u00bb, el representativo universitario super\u00f3 a Gallos Negros de Zacatecas. Adem\u00e1s, estos equipos tambi\u00e9n disputaron la final de la categor\u00eda \u00abInfantil A\u00bb, que nuevamente gan\u00f3 la escuela de f\u00fatbol de la UAZ en una serie de penales. Se entregaron premios econ\u00f3micos y se reparti\u00f3 una bolsa de 30 mil pesos entre los ganadores y subcampeones.<\/p>\n<p><a href=\"https:\/\/enconecte.com\/wp-content\/uploads\/2024\/04\/WhatsApp-Image-2024-04-04-at-10.33.52-AM.jpeg\"><img loading=\"lazy\" decoding=\"async\" class=\"alignnone size-full wp-image-23659\" src=\"https:\/\/enconecte.com\/wp-content\/uploads\/2024\/04\/WhatsApp-Image-2024-04-04-at-10.33.52-AM.jpeg\" alt=\"\" width=\"1600\" height=\"1200\" srcset=\"https:\/\/raicesjerezanas.com\/wp-content\/uploads\/2024\/04\/WhatsApp-Image-2024-04-04-at-10.33.52-AM.jpeg 1600w, https:\/\/raicesjerezanas.com\/wp-content\/uploads\/2024\/04\/WhatsApp-Image-2024-04-04-at-10.33.52-AM-300x225.jpeg 300w, https:\/\/raicesjerezanas.com\/wp-content\/uploads\/2024\/04\/WhatsApp-Image-2024-04-04-at-10.33.52-AM-1024x768.jpeg 1024w, https:\/\/raicesjerezanas.com\/wp-content\/uploads\/2024\/04\/WhatsApp-Image-2024-04-04-at-10.33.52-AM-768x576.jpeg 768w, https:\/\/raicesjerezanas.com\/wp-content\/uploads\/2024\/04\/WhatsApp-Image-2024-04-04-at-10.33.52-AM-1536x1152.jpeg 1536w, https:\/\/raicesjerezanas.com\/wp-content\/uploads\/2024\/04\/WhatsApp-Image-2024-04-04-at-10.33.52-AM-678x509.jpeg 678w, https:\/\/raicesjerezanas.com\/wp-content\/uploads\/2024\/04\/WhatsApp-Image-2024-04-04-at-10.33.52-AM-326x245.jpeg 326w, https:\/\/raicesjerezanas.com\/wp-content\/uploads\/2024\/04\/WhatsApp-Image-2024-04-04-at-10.33.52-AM-80x60.jpeg 80w\" sizes=\"auto, (max-width: 1600px) 100vw, 1600px\" \/><\/a><\/p>\n","protected":false},"excerpt":{"rendered":"<div class=\"mh-excerpt\"><p>Equipos y escuelas de ni\u00f1os futbolistas participaron en el torneo infantil de Feria en las categor\u00edas \u00abDiente de Leche\u00bb, para nacidos entre los a\u00f1os 2016 <a class=\"mh-excerpt-more\" href=\"https:\/\/raicesjerezanas.com\/?p=23658\" title=\"EMOCIONES Y BUEN FUTBOL EN EL TORNEO INFANTIL DE FERIA\">&#8230;<\/a><\/p>\n<\/div>","protected":false},"author":1,"featured_media":23660,"comment_status":"closed","ping_status":"closed","sticky":false,"template":"","format":"standard","meta":{"footnotes":""},"categories":[111,102],"tags":[],"class_list":["post-23658","post","type-post","status-publish","format-standard","has-post-thumbnail","hentry","category-feria-jerez","category-noticias-de-jerez"],"_links":{"self":[{"href":"https:\/\/raicesjerezanas.com\/index.php?rest_route=\/wp\/v2\/posts\/23658","targetHints":{"allow":["GET"]}}],"collection":[{"href":"https:\/\/raicesjerezanas.com\/index.php?rest_route=\/wp\/v2\/posts"}],"about":[{"href":"https:\/\/raicesjerezanas.com\/index.php?rest_route=\/wp\/v2\/types\/post"}],"author":[{"embeddable":true,"href":"https:\/\/raicesjerezanas.com\/index.php?rest_route=\/wp\/v2\/users\/1"}],"replies":[{"embeddable":true,"href":"https:\/\/raicesjerezanas.com\/index.php?rest_route=%2Fwp%2Fv2%2Fcomments&post=23658"}],"version-history":[{"count":0,"href":"https:\/\/raicesjerezanas.com\/index.php?rest_route=\/wp\/v2\/posts\/23658\/revisions"}],"wp:featuredmedia":[{"embeddable":true,"href":"https:\/\/raicesjerezanas.com\/index.php?rest_route=\/wp\/v2\/media\/23660"}],"wp:attachment":[{"href":"https:\/\/raicesjerezanas.com\/index.php?rest_route=%2Fwp%2Fv2%2Fmedia&parent=23658"}],"wp:term":[{"taxonomy":"category","embeddable":true,"href":"https:\/\/raicesjerezanas.com\/index.php?rest_route=%2Fwp%2Fv2%2Fcategories&post=23658"},{"taxonomy":"post_tag","embeddable":true,"href":"https:\/\/raicesjerezanas.com\/index.php?rest_route=%2Fwp%2Fv2%2Ftags&post=23658"}],"curies":[{"name":"wp","href":"https:\/\/api.w.org\/{rel}","templated":true}]}}