{"id":23667,"date":"2024-04-04T19:40:56","date_gmt":"2024-04-05T01:40:56","guid":{"rendered":"https:\/\/enconecte.com\/?p=23667"},"modified":"2024-04-04T19:40:56","modified_gmt":"2024-04-05T01:40:56","slug":"inicio-el-voleibol-de-playa-el-viernes-se-jugaran-las-finales","status":"publish","type":"post","link":"https:\/\/raicesjerezanas.com\/?p=23667","title":{"rendered":"INICI\u00d3 EL VOLEIBOL DE PLAYA, EL VIERNES SE JUGAR\u00c1N LAS FINALES"},"content":{"rendered":"<p>Con la participaci\u00f3n de 16 parejas, de Jerez, Zacatecas, Fresnillo y una del estado de Chihuahua, inici\u00f3 el torneo de voleibol de playa, en la cancha de la unidad deportiva, organizado por la Liga Municipal y la comisi\u00f3n de eventos deportivos, dentro del comit\u00e9 de la Feria de Primavera en su edici\u00f3n del 200 aniversario.<\/p>\n<p>Se trata de un evento en el que se repartir\u00e1 una bolsa de 10 mil pesos en premios, cinco mil al primer lugar, 3 mil al segundo y 2 mil al tercero; para esta primera parte de la competencia, se conformaron los equipos en dos grupos y los mejores de cada uno, avanzar\u00e1n a la etapa final que se efectuar\u00e1 este viernes.<\/p>\n<p>El acto inaugural estuvo a cargo de la comisi\u00f3n deportiva del Comit\u00e9 de la Feria y la Liga Municipal, cuyo presidente Juan Jos\u00e9 Guerrero dio la bienvenida a las parejas participantes y p\u00fablico que disfruta de este tipo de deportes, con alto contenido de emoci\u00f3n y espectacularidad.<\/p>\n<p>Por otra parte, durante el s\u00e1bado y domingo se celebrar\u00e1 el ya tradicional torneo de sala, en el auditorio y canchas de la unidad deportiva, donde se espera la participaci\u00f3n de algunos de los mejores equipos a nivel local, estatal y nacional, con atractivos premios a los ganadores.<\/p>\n<p><a href=\"https:\/\/enconecte.com\/wp-content\/uploads\/2024\/04\/WhatsApp-Image-2024-04-04-at-7.13.20-PM.jpeg\"><img loading=\"lazy\" decoding=\"async\" class=\"alignnone size-full wp-image-23668\" src=\"https:\/\/enconecte.com\/wp-content\/uploads\/2024\/04\/WhatsApp-Image-2024-04-04-at-7.13.20-PM.jpeg\" alt=\"\" width=\"1600\" height=\"1066\" srcset=\"https:\/\/raicesjerezanas.com\/wp-content\/uploads\/2024\/04\/WhatsApp-Image-2024-04-04-at-7.13.20-PM.jpeg 1600w, https:\/\/raicesjerezanas.com\/wp-content\/uploads\/2024\/04\/WhatsApp-Image-2024-04-04-at-7.13.20-PM-300x200.jpeg 300w, https:\/\/raicesjerezanas.com\/wp-content\/uploads\/2024\/04\/WhatsApp-Image-2024-04-04-at-7.13.20-PM-1024x682.jpeg 1024w, https:\/\/raicesjerezanas.com\/wp-content\/uploads\/2024\/04\/WhatsApp-Image-2024-04-04-at-7.13.20-PM-768x512.jpeg 768w, https:\/\/raicesjerezanas.com\/wp-content\/uploads\/2024\/04\/WhatsApp-Image-2024-04-04-at-7.13.20-PM-1536x1023.jpeg 1536w\" sizes=\"auto, (max-width: 1600px) 100vw, 1600px\" \/><\/a><\/p>\n","protected":false},"excerpt":{"rendered":"<div class=\"mh-excerpt\"><p>Con la participaci\u00f3n de 16 parejas, de Jerez, Zacatecas, Fresnillo y una del estado de Chihuahua, inici\u00f3 el torneo de voleibol de playa, en la <a class=\"mh-excerpt-more\" href=\"https:\/\/raicesjerezanas.com\/?p=23667\" title=\"INICI\u00d3 EL VOLEIBOL DE PLAYA, EL VIERNES SE JUGAR\u00c1N LAS FINALES\">&#8230;<\/a><\/p>\n<\/div>","protected":false},"author":1,"featured_media":23669,"comment_status":"closed","ping_status":"closed","sticky":false,"template":"","format":"standard","meta":{"footnotes":""},"categories":[111,102],"tags":[],"class_list":["post-23667","post","type-post","status-publish","format-standard","has-post-thumbnail","hentry","category-feria-jerez","category-noticias-de-jerez"],"_links":{"self":[{"href":"https:\/\/raicesjerezanas.com\/index.php?rest_route=\/wp\/v2\/posts\/23667","targetHints":{"allow":["GET"]}}],"collection":[{"href":"https:\/\/raicesjerezanas.com\/index.php?rest_route=\/wp\/v2\/posts"}],"about":[{"href":"https:\/\/raicesjerezanas.com\/index.php?rest_route=\/wp\/v2\/types\/post"}],"author":[{"embeddable":true,"href":"https:\/\/raicesjerezanas.com\/index.php?rest_route=\/wp\/v2\/users\/1"}],"replies":[{"embeddable":true,"href":"https:\/\/raicesjerezanas.com\/index.php?rest_route=%2Fwp%2Fv2%2Fcomments&post=23667"}],"version-history":[{"count":0,"href":"https:\/\/raicesjerezanas.com\/index.php?rest_route=\/wp\/v2\/posts\/23667\/revisions"}],"wp:featuredmedia":[{"embeddable":true,"href":"https:\/\/raicesjerezanas.com\/index.php?rest_route=\/wp\/v2\/media\/23669"}],"wp:attachment":[{"href":"https:\/\/raicesjerezanas.com\/index.php?rest_route=%2Fwp%2Fv2%2Fmedia&parent=23667"}],"wp:term":[{"taxonomy":"category","embeddable":true,"href":"https:\/\/raicesjerezanas.com\/index.php?rest_route=%2Fwp%2Fv2%2Fcategories&post=23667"},{"taxonomy":"post_tag","embeddable":true,"href":"https:\/\/raicesjerezanas.com\/index.php?rest_route=%2Fwp%2Fv2%2Ftags&post=23667"}],"curies":[{"name":"wp","href":"https:\/\/api.w.org\/{rel}","templated":true}]}}