{"id":23673,"date":"2024-04-05T19:43:04","date_gmt":"2024-04-06T01:43:04","guid":{"rendered":"https:\/\/enconecte.com\/?p=23673"},"modified":"2024-04-05T19:43:04","modified_gmt":"2024-04-06T01:43:04","slug":"profetas-en-su-tierra-elegantes-de-jerez-triunfan-en-la-feria-de-primavera-2024","status":"publish","type":"post","link":"https:\/\/raicesjerezanas.com\/?p=23673","title":{"rendered":"PROFETAS EN SU TIERRA: ELEGANTES DE JEREZ TRIUNFAN EN LA FERIA DE PRIMAVERA 2024"},"content":{"rendered":"<p>Queridos en el pueblo que los vio nacer art\u00edsticamente, los Elegantes de Jerez fueron recibidos con el reconocimiento del p\u00fablico en su presentaci\u00f3n como estelares del Teatro del Pueblo en los 200 a\u00f1os de la Feria de Primavera, iluminando el cielo con la pirotecnia y el coraz\u00f3n de sus seguidores a trav\u00e9s de su m\u00fasica.<\/p>\n<p>Con la sencillez caracter\u00edstica de la agrupaci\u00f3n, Ricky, Timy y Jorge, acompa\u00f1ados por su banda Elegante y las guapas bailarinas, dieron un gran concierto que avala los ocho a\u00f1os de trayectoria en los que han escalado alto, llevando su m\u00fasica m\u00e1s all\u00e1 de las fronteras y colocando algunos de sus temas en las principales listas de popularidad, adem\u00e1s de su activa presencia en las redes sociales.<\/p>\n<p>Con un espect\u00e1culo recargardo interpretaron \u201cb\u00e9same morenita\u201d y comenzaron las sorpresas de la noche con el arribo de grupo Reactor con quienes cantaron el plan\u201d y Gael Huerta y su Note\u00f1o Sierra para el dueto de \u00abCon tu amor\u00bb temas incluidos en su \u00faltima producci\u00f3n Norte\u00f1os Unidos.<\/p>\n<p>Abrieron la noche m\u00fasica norte\u00f1a Los Ayudantes de Huacasco, una gran agrupaci\u00f3n jalisciense cuya popularidad va en ascenso al escucharse algunos de temas que han grabado en las principales estaciones radiof\u00f3nicas, compartiendo en Jerez dichas canciones que abrieron pista en la explanada de la feria.<\/p>\n<p>Por su parte conjunto Nube en su primer presentaci\u00f3n en la Feria de Jerez, hicieron sonar la m\u00fasica de acorde\u00f3n con cumbias y el ritmo de covers como \u00abSimplemente Amigos\u00bb, \u201cComo te extra\u00f1o\u201d, \u201cLo busqu\u00e9\u00bb, \u201cMe vuelve loco tu forma de ser\u00bb entre otros.<\/p>\n<p><a href=\"https:\/\/enconecte.com\/wp-content\/uploads\/2024\/04\/WhatsApp-Image-2024-04-05-at-2.30.23-AM-1.jpeg\"><img loading=\"lazy\" decoding=\"async\" class=\"alignnone size-full wp-image-23674\" src=\"https:\/\/enconecte.com\/wp-content\/uploads\/2024\/04\/WhatsApp-Image-2024-04-05-at-2.30.23-AM-1.jpeg\" alt=\"\" width=\"1200\" height=\"800\" srcset=\"https:\/\/raicesjerezanas.com\/wp-content\/uploads\/2024\/04\/WhatsApp-Image-2024-04-05-at-2.30.23-AM-1.jpeg 1200w, https:\/\/raicesjerezanas.com\/wp-content\/uploads\/2024\/04\/WhatsApp-Image-2024-04-05-at-2.30.23-AM-1-300x200.jpeg 300w, https:\/\/raicesjerezanas.com\/wp-content\/uploads\/2024\/04\/WhatsApp-Image-2024-04-05-at-2.30.23-AM-1-1024x683.jpeg 1024w, https:\/\/raicesjerezanas.com\/wp-content\/uploads\/2024\/04\/WhatsApp-Image-2024-04-05-at-2.30.23-AM-1-768x512.jpeg 768w\" sizes=\"auto, (max-width: 1200px) 100vw, 1200px\" \/><\/a><\/p>\n","protected":false},"excerpt":{"rendered":"<div class=\"mh-excerpt\"><p>Queridos en el pueblo que los vio nacer art\u00edsticamente, los Elegantes de Jerez fueron recibidos con el reconocimiento del p\u00fablico en su presentaci\u00f3n como estelares <a class=\"mh-excerpt-more\" href=\"https:\/\/raicesjerezanas.com\/?p=23673\" title=\"PROFETAS EN SU TIERRA: ELEGANTES DE JEREZ TRIUNFAN EN LA FERIA DE PRIMAVERA 2024\">&#8230;<\/a><\/p>\n<\/div>","protected":false},"author":1,"featured_media":23675,"comment_status":"closed","ping_status":"closed","sticky":false,"template":"","format":"standard","meta":{"footnotes":""},"categories":[111,102],"tags":[],"class_list":["post-23673","post","type-post","status-publish","format-standard","has-post-thumbnail","hentry","category-feria-jerez","category-noticias-de-jerez"],"_links":{"self":[{"href":"https:\/\/raicesjerezanas.com\/index.php?rest_route=\/wp\/v2\/posts\/23673","targetHints":{"allow":["GET"]}}],"collection":[{"href":"https:\/\/raicesjerezanas.com\/index.php?rest_route=\/wp\/v2\/posts"}],"about":[{"href":"https:\/\/raicesjerezanas.com\/index.php?rest_route=\/wp\/v2\/types\/post"}],"author":[{"embeddable":true,"href":"https:\/\/raicesjerezanas.com\/index.php?rest_route=\/wp\/v2\/users\/1"}],"replies":[{"embeddable":true,"href":"https:\/\/raicesjerezanas.com\/index.php?rest_route=%2Fwp%2Fv2%2Fcomments&post=23673"}],"version-history":[{"count":0,"href":"https:\/\/raicesjerezanas.com\/index.php?rest_route=\/wp\/v2\/posts\/23673\/revisions"}],"wp:featuredmedia":[{"embeddable":true,"href":"https:\/\/raicesjerezanas.com\/index.php?rest_route=\/wp\/v2\/media\/23675"}],"wp:attachment":[{"href":"https:\/\/raicesjerezanas.com\/index.php?rest_route=%2Fwp%2Fv2%2Fmedia&parent=23673"}],"wp:term":[{"taxonomy":"category","embeddable":true,"href":"https:\/\/raicesjerezanas.com\/index.php?rest_route=%2Fwp%2Fv2%2Fcategories&post=23673"},{"taxonomy":"post_tag","embeddable":true,"href":"https:\/\/raicesjerezanas.com\/index.php?rest_route=%2Fwp%2Fv2%2Ftags&post=23673"}],"curies":[{"name":"wp","href":"https:\/\/api.w.org\/{rel}","templated":true}]}}