{"id":23680,"date":"2024-04-05T20:06:25","date_gmt":"2024-04-06T02:06:25","guid":{"rendered":"https:\/\/enconecte.com\/?p=23680"},"modified":"2024-04-05T20:06:25","modified_gmt":"2024-04-06T02:06:25","slug":"salos-de-zacatecas-logro-el-primer-lugar-en-el-voleibol-playero","status":"publish","type":"post","link":"https:\/\/raicesjerezanas.com\/?p=23680","title":{"rendered":"\u201cSALOS\u201d DE ZACATECAS LOGR\u00d3 EL PRIMER LUGAR EN EL VOLEIBOL PLAYERO"},"content":{"rendered":"<p>El equipo \u00abSalos\u00bb, de la capital del estado, se adjudic\u00f3 el primer lugar en el torneo de voleibol playero realizado como parte de los eventos de la Feria de Primavera Jerez 2024, al superar en dos sets al representativo de la Universidad Aut\u00f3noma de Chihuahua (UACH).<\/p>\n<p>La pareja conformada por Salom\u00f3n Fraire y Juan Rodr\u00edguez se impuso a David S\u00e1nchez y Alan Valadez en un partido que, como se hab\u00eda previsto desde que se conocieron a los finalistas, result\u00f3 lleno de espectacularidad y buenas jugadas sobre la arena de la Unidad Deportiva.<\/p>\n<p>Asimismo, uno de los representativos de Jerez, integrado por Ram\u00f3n Berm\u00fadez y Moat Isa\u00ed Mart\u00ednez, logr\u00f3 la tercera posici\u00f3n y alcanz\u00f3 uno de los premios, que fueron de 5 mil pesos para el campe\u00f3n, 3 mil para el segundo y 2 mil para el tercero.<\/p>\n<p>El evento se desarroll\u00f3 durante dos d\u00edas y fue organizado por la Coordinaci\u00f3n Deportiva del Comit\u00e9 de la Feria de la Primavera, en su edici\u00f3n del 200 aniversario, as\u00ed como por la Liga Municipal de esta disciplina, registrando una participaci\u00f3n de 16 equipos.<\/p>\n<p><a href=\"https:\/\/enconecte.com\/wp-content\/uploads\/2024\/04\/WhatsApp-Image-2024-04-05-at-7.27.55-PM.jpeg\"><img loading=\"lazy\" decoding=\"async\" class=\"alignnone size-full wp-image-23681\" src=\"https:\/\/enconecte.com\/wp-content\/uploads\/2024\/04\/WhatsApp-Image-2024-04-05-at-7.27.55-PM.jpeg\" alt=\"\" width=\"1600\" height=\"1066\" srcset=\"https:\/\/raicesjerezanas.com\/wp-content\/uploads\/2024\/04\/WhatsApp-Image-2024-04-05-at-7.27.55-PM.jpeg 1600w, https:\/\/raicesjerezanas.com\/wp-content\/uploads\/2024\/04\/WhatsApp-Image-2024-04-05-at-7.27.55-PM-300x200.jpeg 300w, https:\/\/raicesjerezanas.com\/wp-content\/uploads\/2024\/04\/WhatsApp-Image-2024-04-05-at-7.27.55-PM-1024x682.jpeg 1024w, https:\/\/raicesjerezanas.com\/wp-content\/uploads\/2024\/04\/WhatsApp-Image-2024-04-05-at-7.27.55-PM-768x512.jpeg 768w, https:\/\/raicesjerezanas.com\/wp-content\/uploads\/2024\/04\/WhatsApp-Image-2024-04-05-at-7.27.55-PM-1536x1023.jpeg 1536w\" sizes=\"auto, (max-width: 1600px) 100vw, 1600px\" \/><\/a><\/p>\n","protected":false},"excerpt":{"rendered":"<div class=\"mh-excerpt\"><p>El equipo \u00abSalos\u00bb, de la capital del estado, se adjudic\u00f3 el primer lugar en el torneo de voleibol playero realizado como parte de los eventos <a class=\"mh-excerpt-more\" href=\"https:\/\/raicesjerezanas.com\/?p=23680\" title=\"\u201cSALOS\u201d DE ZACATECAS LOGR\u00d3 EL PRIMER LUGAR EN EL VOLEIBOL PLAYERO\">&#8230;<\/a><\/p>\n<\/div>","protected":false},"author":1,"featured_media":23682,"comment_status":"closed","ping_status":"closed","sticky":false,"template":"","format":"standard","meta":{"footnotes":""},"categories":[111,102],"tags":[],"class_list":["post-23680","post","type-post","status-publish","format-standard","has-post-thumbnail","hentry","category-feria-jerez","category-noticias-de-jerez"],"_links":{"self":[{"href":"https:\/\/raicesjerezanas.com\/index.php?rest_route=\/wp\/v2\/posts\/23680","targetHints":{"allow":["GET"]}}],"collection":[{"href":"https:\/\/raicesjerezanas.com\/index.php?rest_route=\/wp\/v2\/posts"}],"about":[{"href":"https:\/\/raicesjerezanas.com\/index.php?rest_route=\/wp\/v2\/types\/post"}],"author":[{"embeddable":true,"href":"https:\/\/raicesjerezanas.com\/index.php?rest_route=\/wp\/v2\/users\/1"}],"replies":[{"embeddable":true,"href":"https:\/\/raicesjerezanas.com\/index.php?rest_route=%2Fwp%2Fv2%2Fcomments&post=23680"}],"version-history":[{"count":0,"href":"https:\/\/raicesjerezanas.com\/index.php?rest_route=\/wp\/v2\/posts\/23680\/revisions"}],"wp:featuredmedia":[{"embeddable":true,"href":"https:\/\/raicesjerezanas.com\/index.php?rest_route=\/wp\/v2\/media\/23682"}],"wp:attachment":[{"href":"https:\/\/raicesjerezanas.com\/index.php?rest_route=%2Fwp%2Fv2%2Fmedia&parent=23680"}],"wp:term":[{"taxonomy":"category","embeddable":true,"href":"https:\/\/raicesjerezanas.com\/index.php?rest_route=%2Fwp%2Fv2%2Fcategories&post=23680"},{"taxonomy":"post_tag","embeddable":true,"href":"https:\/\/raicesjerezanas.com\/index.php?rest_route=%2Fwp%2Fv2%2Ftags&post=23680"}],"curies":[{"name":"wp","href":"https:\/\/api.w.org\/{rel}","templated":true}]}}