{"id":23683,"date":"2024-04-05T20:07:52","date_gmt":"2024-04-06T02:07:52","guid":{"rendered":"https:\/\/enconecte.com\/?p=23683"},"modified":"2024-04-05T20:07:52","modified_gmt":"2024-04-06T02:07:52","slug":"con-dos-buenos-encuentros-la-categoria-golden-de-futbol-se-hizo-presente-en-los-eventos-de-feria","status":"publish","type":"post","link":"https:\/\/raicesjerezanas.com\/?p=23683","title":{"rendered":"CON DOS BUENOS ENCUENTROS, LA CATEGOR\u00cdA GOLDEN DE F\u00daTBOL SE HIZO PRESENTE EN LOS EVENTOS DE FERIA"},"content":{"rendered":"<p>El f\u00fatbol de la categor\u00eda Golden, destinado a deportistas mayores de 50 a\u00f1os, tuvo lugar dentro de las actividades de la Feria de la Primavera en su edici\u00f3n aniversario. M\u00e1s que una competencia, fue una grata convivencia deportiva entre equipos de Jerez, R\u00edo Grande y Zacatecas, en la cancha del Estadio Ram\u00f3n L\u00f3pez Velarde.<\/p>\n<p>En el primer encuentro, la selecci\u00f3n de Jerez super\u00f3 por tres goles a uno al tradicional equipo Azteca de R\u00edo Grande. Este \u00faltimo se adelant\u00f3 en el marcador con un gol de Jos\u00e9 Luis Escobar; sin embargo, los locales lograron la igualada y la voltereta con anotaciones de Ra\u00fal Edison y Jaime Garay. Finalmente, Juan Gabriel Berm\u00fadez, conocido como \u201cKurquis\u201d, estableci\u00f3 las cifras definitivas.<\/p>\n<p>Un gran gesto por parte de la liga municipal de esta categor\u00eda fue la entrega del trofeo al equipo visitante como s\u00edmbolo de hospitalidad. Adem\u00e1s, ofrecieron un convivio para ambos conjuntos. Los representantes del municipio norte\u00f1o formalizaron la invitaci\u00f3n para que los equipos visitantes devuelvan la cortes\u00eda durante el aniversario de este equipo de gran arraigo en la zona.<\/p>\n<p>En otro partido de la misma categor\u00eda, Magisterio Jerez actu\u00f3 como anfitri\u00f3n frente a Comunicaciones y Transportes de Zacatecas. Ambos equipos sostuvieron un encuentro parejo, mostrando t\u00e9cnica en el manejo del bal\u00f3n. El marcador no se movi\u00f3 durante el tiempo reglamentario y, en la serie de penales, los capitalinos superaron a los docentes jerezanos.<\/p>\n<p><a href=\"https:\/\/enconecte.com\/wp-content\/uploads\/2024\/04\/WhatsApp-Image-2024-04-05-at-8.54.17-PM-1.jpeg\"><img loading=\"lazy\" decoding=\"async\" class=\"alignnone size-full wp-image-23684\" src=\"https:\/\/enconecte.com\/wp-content\/uploads\/2024\/04\/WhatsApp-Image-2024-04-05-at-8.54.17-PM-1.jpeg\" alt=\"\" width=\"1600\" height=\"1066\" srcset=\"https:\/\/raicesjerezanas.com\/wp-content\/uploads\/2024\/04\/WhatsApp-Image-2024-04-05-at-8.54.17-PM-1.jpeg 1600w, https:\/\/raicesjerezanas.com\/wp-content\/uploads\/2024\/04\/WhatsApp-Image-2024-04-05-at-8.54.17-PM-1-300x200.jpeg 300w, https:\/\/raicesjerezanas.com\/wp-content\/uploads\/2024\/04\/WhatsApp-Image-2024-04-05-at-8.54.17-PM-1-1024x682.jpeg 1024w, https:\/\/raicesjerezanas.com\/wp-content\/uploads\/2024\/04\/WhatsApp-Image-2024-04-05-at-8.54.17-PM-1-768x512.jpeg 768w, https:\/\/raicesjerezanas.com\/wp-content\/uploads\/2024\/04\/WhatsApp-Image-2024-04-05-at-8.54.17-PM-1-1536x1023.jpeg 1536w\" sizes=\"auto, (max-width: 1600px) 100vw, 1600px\" \/><\/a><\/p>\n","protected":false},"excerpt":{"rendered":"<div class=\"mh-excerpt\"><p>El f\u00fatbol de la categor\u00eda Golden, destinado a deportistas mayores de 50 a\u00f1os, tuvo lugar dentro de las actividades de la Feria de la Primavera <a class=\"mh-excerpt-more\" href=\"https:\/\/raicesjerezanas.com\/?p=23683\" title=\"CON DOS BUENOS ENCUENTROS, LA CATEGOR\u00cdA GOLDEN DE F\u00daTBOL SE HIZO PRESENTE EN LOS EVENTOS DE FERIA\">&#8230;<\/a><\/p>\n<\/div>","protected":false},"author":1,"featured_media":23685,"comment_status":"closed","ping_status":"closed","sticky":false,"template":"","format":"standard","meta":{"footnotes":""},"categories":[111,102],"tags":[],"class_list":["post-23683","post","type-post","status-publish","format-standard","has-post-thumbnail","hentry","category-feria-jerez","category-noticias-de-jerez"],"_links":{"self":[{"href":"https:\/\/raicesjerezanas.com\/index.php?rest_route=\/wp\/v2\/posts\/23683","targetHints":{"allow":["GET"]}}],"collection":[{"href":"https:\/\/raicesjerezanas.com\/index.php?rest_route=\/wp\/v2\/posts"}],"about":[{"href":"https:\/\/raicesjerezanas.com\/index.php?rest_route=\/wp\/v2\/types\/post"}],"author":[{"embeddable":true,"href":"https:\/\/raicesjerezanas.com\/index.php?rest_route=\/wp\/v2\/users\/1"}],"replies":[{"embeddable":true,"href":"https:\/\/raicesjerezanas.com\/index.php?rest_route=%2Fwp%2Fv2%2Fcomments&post=23683"}],"version-history":[{"count":0,"href":"https:\/\/raicesjerezanas.com\/index.php?rest_route=\/wp\/v2\/posts\/23683\/revisions"}],"wp:featuredmedia":[{"embeddable":true,"href":"https:\/\/raicesjerezanas.com\/index.php?rest_route=\/wp\/v2\/media\/23685"}],"wp:attachment":[{"href":"https:\/\/raicesjerezanas.com\/index.php?rest_route=%2Fwp%2Fv2%2Fmedia&parent=23683"}],"wp:term":[{"taxonomy":"category","embeddable":true,"href":"https:\/\/raicesjerezanas.com\/index.php?rest_route=%2Fwp%2Fv2%2Fcategories&post=23683"},{"taxonomy":"post_tag","embeddable":true,"href":"https:\/\/raicesjerezanas.com\/index.php?rest_route=%2Fwp%2Fv2%2Ftags&post=23683"}],"curies":[{"name":"wp","href":"https:\/\/api.w.org\/{rel}","templated":true}]}}