{"id":23688,"date":"2024-04-06T22:35:13","date_gmt":"2024-04-07T04:35:13","guid":{"rendered":"https:\/\/enconecte.com\/?p=23688"},"modified":"2024-04-06T22:35:13","modified_gmt":"2024-04-07T04:35:13","slug":"desde-saltillo-la-rondalla-deleito-el-oido-de-los-romanticos-en-el-foro-cultural","status":"publish","type":"post","link":"https:\/\/raicesjerezanas.com\/?p=23688","title":{"rendered":"DESDE SALTILLO, LA RONDALLA, DELEIT\u00d3 EL O\u00cdDO DE LOS ROM\u00c1NTICOS EN EL FORO CULTURAL"},"content":{"rendered":"<p>\u201cDesde Saltillo, &#8216;La Rondalla&#8217;, con la voz del poeta Marco Antonio Aguirre, deleit\u00f3 al p\u00fablico que se dio cita la noche de este viernes en el Foro Cultural del Bicentenario. Se percibi\u00f3 un ambiente rom\u00e1ntico, con canciones del recuerdo y un espect\u00e1culo de palabras bellas dedicadas a la mujer jerezana.<\/p>\n<p>\u201cTe lo digo y para siempre, no solamente muchas sino otra vez, para que de la vida no tengas un rev\u00e9s y te ilumine de un beso de Dios tu fe, bendita Morena del bendito Jerez\u201d. As\u00ed iniciaba el declamador profesional en la apertura de la audici\u00f3n. Durante casi dos horas, las voces y guitarras de la agrupaci\u00f3n ofrecieron un espect\u00e1culo, siendo parte de una tradici\u00f3n de m\u00e1s de medio siglo de m\u00fasica en M\u00e9xico y con origen en la comunidad universitaria de Saltillo, Coahuila.<\/p>\n<p>\u201c\u2026 Que el amor no se retarde, en la tierra del gran Ram\u00f3n L\u00f3pez Velarde\u201d, dec\u00eda el poeta mientras los requintos y guitarras armonizaban el tema \u00abLa Gloria Eres T\u00fa\u00bb, uno de los cl\u00e1sicos de la rondalla que se sum\u00f3 a otros como \u00abEl d\u00eda de tu boda\u00bb, \u00abConfidencias de Amor\u00bb, \u00abComo el \u00c1lamo al Camino\u00bb, \u00abCandilejas\u00bb, \u00abSecretamente\u00bb, \u00abHistoria de Amor\u00bb, \u00abC\u00f3mo\u00bb, \u00abCristo Viejo\u00bb, \u00abHasta donde te quiero\u00bb y otras que conformaron un repertorio de m\u00e1s de 30 melod\u00edas.<\/p>\n<p>M\u00e1s adelante, improvisaba nuevamente con la interrogante; \u201c\u00bfPor qu\u00e9 piensa eso tu cabecita loca? \u00bfQu\u00e9 te voy a olvidar? Y sabes bien que pecas, yo no tengo coraz\u00f3n de roca, soy de Jerez, Zacatecas&#8230;\u201d Surgi\u00f3 el aplauso espont\u00e1neo mientras los m\u00fasicos interpretaban \u00abCoraz\u00f3n de roca\u00bb, el tema cl\u00e1sico que marcaba el inicio de la despedida. Seguido de uno de los m\u00e1s escuchados y vendidos en la historia, \u00abC\u00f3mo Imaginar\u00bb, y la m\u00e1s solicitada de la noche y de todos sus conciertos, \u00abWendoline\u00bb.<\/p>\n<p>A nombre del comit\u00e9 de feria, se hizo entrega de un reconocimiento al poeta Marco Antonio Aguirre y, por su conducto, a la agrupaci\u00f3n que deleit\u00f3 a los asistentes en esta inolvidable noche. Compartieron escenario con las rondallas orgullo de esta tierra, \u00abNostalgia Jerezana\u00bb y \u00abVoz de \u00c1ngel\u00bb, que ya tienen acostumbrados a los jerezanos a ofrecer buenas actuaciones y en esta noche estuvieron a la altura del evento musical.<\/p>\n<p><a href=\"https:\/\/enconecte.com\/wp-content\/uploads\/2024\/04\/WhatsApp-Image-2024-04-06-at-9.56.15-AM.jpeg\"><img loading=\"lazy\" decoding=\"async\" class=\"alignnone size-full wp-image-23689\" src=\"https:\/\/enconecte.com\/wp-content\/uploads\/2024\/04\/WhatsApp-Image-2024-04-06-at-9.56.15-AM.jpeg\" alt=\"\" width=\"1200\" height=\"800\" srcset=\"https:\/\/raicesjerezanas.com\/wp-content\/uploads\/2024\/04\/WhatsApp-Image-2024-04-06-at-9.56.15-AM.jpeg 1200w, https:\/\/raicesjerezanas.com\/wp-content\/uploads\/2024\/04\/WhatsApp-Image-2024-04-06-at-9.56.15-AM-300x200.jpeg 300w, https:\/\/raicesjerezanas.com\/wp-content\/uploads\/2024\/04\/WhatsApp-Image-2024-04-06-at-9.56.15-AM-1024x683.jpeg 1024w, https:\/\/raicesjerezanas.com\/wp-content\/uploads\/2024\/04\/WhatsApp-Image-2024-04-06-at-9.56.15-AM-768x512.jpeg 768w\" sizes=\"auto, (max-width: 1200px) 100vw, 1200px\" \/><\/a><\/p>\n","protected":false},"excerpt":{"rendered":"<div class=\"mh-excerpt\"><p>\u201cDesde Saltillo, &#8216;La Rondalla&#8217;, con la voz del poeta Marco Antonio Aguirre, deleit\u00f3 al p\u00fablico que se dio cita la noche de este viernes en <a class=\"mh-excerpt-more\" href=\"https:\/\/raicesjerezanas.com\/?p=23688\" title=\"DESDE SALTILLO, LA RONDALLA, DELEIT\u00d3 EL O\u00cdDO DE LOS ROM\u00c1NTICOS EN EL FORO CULTURAL\">&#8230;<\/a><\/p>\n<\/div>","protected":false},"author":1,"featured_media":23690,"comment_status":"closed","ping_status":"closed","sticky":false,"template":"","format":"standard","meta":{"footnotes":""},"categories":[111,102],"tags":[],"class_list":["post-23688","post","type-post","status-publish","format-standard","has-post-thumbnail","hentry","category-feria-jerez","category-noticias-de-jerez"],"_links":{"self":[{"href":"https:\/\/raicesjerezanas.com\/index.php?rest_route=\/wp\/v2\/posts\/23688","targetHints":{"allow":["GET"]}}],"collection":[{"href":"https:\/\/raicesjerezanas.com\/index.php?rest_route=\/wp\/v2\/posts"}],"about":[{"href":"https:\/\/raicesjerezanas.com\/index.php?rest_route=\/wp\/v2\/types\/post"}],"author":[{"embeddable":true,"href":"https:\/\/raicesjerezanas.com\/index.php?rest_route=\/wp\/v2\/users\/1"}],"replies":[{"embeddable":true,"href":"https:\/\/raicesjerezanas.com\/index.php?rest_route=%2Fwp%2Fv2%2Fcomments&post=23688"}],"version-history":[{"count":0,"href":"https:\/\/raicesjerezanas.com\/index.php?rest_route=\/wp\/v2\/posts\/23688\/revisions"}],"wp:featuredmedia":[{"embeddable":true,"href":"https:\/\/raicesjerezanas.com\/index.php?rest_route=\/wp\/v2\/media\/23690"}],"wp:attachment":[{"href":"https:\/\/raicesjerezanas.com\/index.php?rest_route=%2Fwp%2Fv2%2Fmedia&parent=23688"}],"wp:term":[{"taxonomy":"category","embeddable":true,"href":"https:\/\/raicesjerezanas.com\/index.php?rest_route=%2Fwp%2Fv2%2Fcategories&post=23688"},{"taxonomy":"post_tag","embeddable":true,"href":"https:\/\/raicesjerezanas.com\/index.php?rest_route=%2Fwp%2Fv2%2Ftags&post=23688"}],"curies":[{"name":"wp","href":"https:\/\/api.w.org\/{rel}","templated":true}]}}