{"id":23700,"date":"2024-04-06T22:44:21","date_gmt":"2024-04-07T04:44:21","guid":{"rendered":"https:\/\/enconecte.com\/?p=23700"},"modified":"2024-04-06T22:44:21","modified_gmt":"2024-04-07T04:44:21","slug":"este-domingo-las-finales-del-torneo-de-tenis-de-feria-en-la-modalidad-de-dobles","status":"publish","type":"post","link":"https:\/\/raicesjerezanas.com\/?p=23700","title":{"rendered":"ESTE DOMINGO LAS FINALES DEL TORNEO DE TENIS DE FERIA EN LA MODALIDAD DE DOBLES"},"content":{"rendered":"<p>M\u00e1s de 50 personas tenistas tomaron parte en el torneo para conmemorar el bicentenario de la Feria de la Primavera, en la reci\u00e9n remodelada cancha de la Unidad Deportiva que, pr\u00e1cticamente ha sido estrenada por quienes juegan el deporte blanco, que se inscribieron en esta tradicional competencia.<\/p>\n<p>El evento es organizado por el Comit\u00e9 de Feria, a trav\u00e9s de la coordinaci\u00f3n deportiva y la Liga Municipal de Tenis, encabezada por Cristhian Moreno P\u00e9rez; se entregar\u00e1n premios que de manera global suman 20 mil pesos, para repartirse entre campe\u00f3n, subcampe\u00f3n y tercer lugar de cada categor\u00eda.<\/p>\n<p>En esta ocasi\u00f3n la convocatoria fue solamente para la modalidad de dobles y en total se inscribieron 26 parejas, dentro de las categor\u00edas de primera y segunda fuerza, con el sistema de grupos; los dos mejor colocados de cada uno, avanzar\u00e1n a la siguiente fase.<\/p>\n<p>La competencia inici\u00f3 desde el domingo pasado y continu\u00f3 este s\u00e1bado con la fase de grupos, el domingo a partir de las ocho de la ma\u00f1ana iniciar\u00e1n las semifinales, posteriormente los juegos por el tercer lugar y alrededor del mediod\u00eda las finales.<\/p>\n<p><a href=\"https:\/\/enconecte.com\/wp-content\/uploads\/2024\/04\/WhatsApp-Image-2024-04-06-at-6.14.58-PM-1.jpeg\"><img loading=\"lazy\" decoding=\"async\" class=\"alignnone size-full wp-image-23702\" src=\"https:\/\/enconecte.com\/wp-content\/uploads\/2024\/04\/WhatsApp-Image-2024-04-06-at-6.14.58-PM-1.jpeg\" alt=\"\" width=\"1200\" height=\"800\" srcset=\"https:\/\/raicesjerezanas.com\/wp-content\/uploads\/2024\/04\/WhatsApp-Image-2024-04-06-at-6.14.58-PM-1.jpeg 1200w, https:\/\/raicesjerezanas.com\/wp-content\/uploads\/2024\/04\/WhatsApp-Image-2024-04-06-at-6.14.58-PM-1-300x200.jpeg 300w, https:\/\/raicesjerezanas.com\/wp-content\/uploads\/2024\/04\/WhatsApp-Image-2024-04-06-at-6.14.58-PM-1-1024x683.jpeg 1024w, https:\/\/raicesjerezanas.com\/wp-content\/uploads\/2024\/04\/WhatsApp-Image-2024-04-06-at-6.14.58-PM-1-768x512.jpeg 768w\" sizes=\"auto, (max-width: 1200px) 100vw, 1200px\" \/><\/a><\/p>\n","protected":false},"excerpt":{"rendered":"<div class=\"mh-excerpt\"><p>M\u00e1s de 50 personas tenistas tomaron parte en el torneo para conmemorar el bicentenario de la Feria de la Primavera, en la reci\u00e9n remodelada cancha <a class=\"mh-excerpt-more\" href=\"https:\/\/raicesjerezanas.com\/?p=23700\" title=\"ESTE DOMINGO LAS FINALES DEL TORNEO DE TENIS DE FERIA EN LA MODALIDAD DE DOBLES\">&#8230;<\/a><\/p>\n<\/div>","protected":false},"author":1,"featured_media":23701,"comment_status":"closed","ping_status":"closed","sticky":false,"template":"","format":"standard","meta":{"footnotes":""},"categories":[111,102],"tags":[],"class_list":["post-23700","post","type-post","status-publish","format-standard","has-post-thumbnail","hentry","category-feria-jerez","category-noticias-de-jerez"],"_links":{"self":[{"href":"https:\/\/raicesjerezanas.com\/index.php?rest_route=\/wp\/v2\/posts\/23700","targetHints":{"allow":["GET"]}}],"collection":[{"href":"https:\/\/raicesjerezanas.com\/index.php?rest_route=\/wp\/v2\/posts"}],"about":[{"href":"https:\/\/raicesjerezanas.com\/index.php?rest_route=\/wp\/v2\/types\/post"}],"author":[{"embeddable":true,"href":"https:\/\/raicesjerezanas.com\/index.php?rest_route=\/wp\/v2\/users\/1"}],"replies":[{"embeddable":true,"href":"https:\/\/raicesjerezanas.com\/index.php?rest_route=%2Fwp%2Fv2%2Fcomments&post=23700"}],"version-history":[{"count":0,"href":"https:\/\/raicesjerezanas.com\/index.php?rest_route=\/wp\/v2\/posts\/23700\/revisions"}],"wp:featuredmedia":[{"embeddable":true,"href":"https:\/\/raicesjerezanas.com\/index.php?rest_route=\/wp\/v2\/media\/23701"}],"wp:attachment":[{"href":"https:\/\/raicesjerezanas.com\/index.php?rest_route=%2Fwp%2Fv2%2Fmedia&parent=23700"}],"wp:term":[{"taxonomy":"category","embeddable":true,"href":"https:\/\/raicesjerezanas.com\/index.php?rest_route=%2Fwp%2Fv2%2Fcategories&post=23700"},{"taxonomy":"post_tag","embeddable":true,"href":"https:\/\/raicesjerezanas.com\/index.php?rest_route=%2Fwp%2Fv2%2Ftags&post=23700"}],"curies":[{"name":"wp","href":"https:\/\/api.w.org\/{rel}","templated":true}]}}