{"id":23703,"date":"2024-04-06T22:45:41","date_gmt":"2024-04-07T04:45:41","guid":{"rendered":"https:\/\/enconecte.com\/?p=23703"},"modified":"2024-04-06T22:45:41","modified_gmt":"2024-04-07T04:45:41","slug":"crece-participacion-en-el-torneo-de-ajedrez-de-la-feria-de-la-primavera","status":"publish","type":"post","link":"https:\/\/raicesjerezanas.com\/?p=23703","title":{"rendered":"CRECE PARTICIPACI\u00d3N EN EL TORNEO DE AJEDREZ DE LA FERIA DE LA PRIMAVERA"},"content":{"rendered":"<p>Se llev\u00f3 a cabo el ya tradicional Torneo de Ajedrez de la Feria de la Primavera Jerez 2024, que atrajo a cerca de 200 participantes de diferentes puntos del pa\u00eds y del estado, registrando un mayor n\u00famero de competidores este a\u00f1o.<\/p>\n<p>Las competencias se desarrollaron en el Foyer del Teatro Hinojosa, divididas en tres categor\u00edas. Los primeros lugares de cada categor\u00eda recibir\u00e1n una parte de la bolsa de premios, que es la m\u00e1s grande en la historia del Torneo.<\/p>\n<p>David Ibarra \u00c1vila, presidente de la Liga Municipal de Ajedrez y del club Caballos Negros, destac\u00f3 el crecimiento del concurso en los \u00faltimos a\u00f1os. Ahora se desarrolla con una mayor participaci\u00f3n.<\/p>\n<p>Tambi\u00e9n campe\u00f3n de ajedrez, Ibarra \u00c1vila ha estado al frente de la organizaci\u00f3n del Torneo desde 2014. Durante estos a\u00f1os, ha observado la significativa evoluci\u00f3n del evento y, gracias a ello y a una adecuada gesti\u00f3n, se ofrecen mejores premios a los participantes.<\/p>\n<p><a href=\"https:\/\/enconecte.com\/wp-content\/uploads\/2024\/04\/WhatsApp-Image-2024-04-06-at-10.34.21-PM.jpeg\"><img loading=\"lazy\" decoding=\"async\" class=\"alignnone size-full wp-image-23704\" src=\"https:\/\/enconecte.com\/wp-content\/uploads\/2024\/04\/WhatsApp-Image-2024-04-06-at-10.34.21-PM.jpeg\" alt=\"\" width=\"1200\" height=\"800\" srcset=\"https:\/\/raicesjerezanas.com\/wp-content\/uploads\/2024\/04\/WhatsApp-Image-2024-04-06-at-10.34.21-PM.jpeg 1200w, https:\/\/raicesjerezanas.com\/wp-content\/uploads\/2024\/04\/WhatsApp-Image-2024-04-06-at-10.34.21-PM-300x200.jpeg 300w, https:\/\/raicesjerezanas.com\/wp-content\/uploads\/2024\/04\/WhatsApp-Image-2024-04-06-at-10.34.21-PM-1024x683.jpeg 1024w, https:\/\/raicesjerezanas.com\/wp-content\/uploads\/2024\/04\/WhatsApp-Image-2024-04-06-at-10.34.21-PM-768x512.jpeg 768w\" sizes=\"auto, (max-width: 1200px) 100vw, 1200px\" \/><\/a><\/p>\n","protected":false},"excerpt":{"rendered":"<div class=\"mh-excerpt\"><p>Se llev\u00f3 a cabo el ya tradicional Torneo de Ajedrez de la Feria de la Primavera Jerez 2024, que atrajo a cerca de 200 participantes <a class=\"mh-excerpt-more\" href=\"https:\/\/raicesjerezanas.com\/?p=23703\" title=\"CRECE PARTICIPACI\u00d3N EN EL TORNEO DE AJEDREZ DE LA FERIA DE LA PRIMAVERA\">&#8230;<\/a><\/p>\n<\/div>","protected":false},"author":1,"featured_media":23705,"comment_status":"closed","ping_status":"closed","sticky":false,"template":"","format":"standard","meta":{"footnotes":""},"categories":[111,102],"tags":[],"class_list":["post-23703","post","type-post","status-publish","format-standard","has-post-thumbnail","hentry","category-feria-jerez","category-noticias-de-jerez"],"_links":{"self":[{"href":"https:\/\/raicesjerezanas.com\/index.php?rest_route=\/wp\/v2\/posts\/23703","targetHints":{"allow":["GET"]}}],"collection":[{"href":"https:\/\/raicesjerezanas.com\/index.php?rest_route=\/wp\/v2\/posts"}],"about":[{"href":"https:\/\/raicesjerezanas.com\/index.php?rest_route=\/wp\/v2\/types\/post"}],"author":[{"embeddable":true,"href":"https:\/\/raicesjerezanas.com\/index.php?rest_route=\/wp\/v2\/users\/1"}],"replies":[{"embeddable":true,"href":"https:\/\/raicesjerezanas.com\/index.php?rest_route=%2Fwp%2Fv2%2Fcomments&post=23703"}],"version-history":[{"count":0,"href":"https:\/\/raicesjerezanas.com\/index.php?rest_route=\/wp\/v2\/posts\/23703\/revisions"}],"wp:featuredmedia":[{"embeddable":true,"href":"https:\/\/raicesjerezanas.com\/index.php?rest_route=\/wp\/v2\/media\/23705"}],"wp:attachment":[{"href":"https:\/\/raicesjerezanas.com\/index.php?rest_route=%2Fwp%2Fv2%2Fmedia&parent=23703"}],"wp:term":[{"taxonomy":"category","embeddable":true,"href":"https:\/\/raicesjerezanas.com\/index.php?rest_route=%2Fwp%2Fv2%2Fcategories&post=23703"},{"taxonomy":"post_tag","embeddable":true,"href":"https:\/\/raicesjerezanas.com\/index.php?rest_route=%2Fwp%2Fv2%2Ftags&post=23703"}],"curies":[{"name":"wp","href":"https:\/\/api.w.org\/{rel}","templated":true}]}}