{"id":23709,"date":"2024-04-07T22:48:48","date_gmt":"2024-04-08T04:48:48","guid":{"rendered":"https:\/\/enconecte.com\/?p=23709"},"modified":"2024-04-07T22:48:48","modified_gmt":"2024-04-08T04:48:48","slug":"joyas-sobre-ruedas-en-el-tradicional-desfile-de-autos-antiguos","status":"publish","type":"post","link":"https:\/\/raicesjerezanas.com\/?p=23709","title":{"rendered":"JOYAS SOBRE RUEDAS EN EL TRADICIONAL DESFILE DE AUTOS ANTIGUOS"},"content":{"rendered":"<p>La historia sobre ruedas recorri\u00f3 las calles de Jerez, en el tradicional desfile de autos y camionetas antiguos, organizado por el Club Autoimagen de Jerez, en el marco de la Feria de la Primavera, en su edici\u00f3n del bicentenario.<\/p>\n<p>Desde el acceso principal de la ciudad, inici\u00f3 la larga fila de veh\u00edculos que recorrieron toda la calle San Luis, Hospicio y Alameda Poniente para concluir en la Alameda Municipal, donde el p\u00fablico en general, pudo apreciar a detalle cada uno de los veh\u00edculos, qu\u00e9 son una muestra del cuidado la paciencia y la dedicaci\u00f3n de sus propietarios, en el rescate, restauraci\u00f3n y conservaci\u00f3n de sus preciadas joyas.<\/p>\n<p>Nunca termina uno de arreglarlos como ser\u00eda nuestro deseo, siempre hay detalles que agregar, se\u00f1al\u00f3 el coleccionista Jes\u00fas Rodr\u00edguez, quien, con su Chevy 55, encabez\u00f3 el recorrido, llevando al lado un Desoto 1946 y tras de ellos un Ford Coup\u00e9 del mismo a\u00f1o, deportivo de dos puertas, seguidos de una de las piezas m\u00e1s antiguas de la muestra, una S\u00faper White Power 1936.<\/p>\n<p><a href=\"https:\/\/raicesjerezanas.com\/wp-content\/uploads\/2024\/04\/WhatsApp-Image-2024-04-07-at-4.28.01-PM.jpeg\"><img loading=\"lazy\" decoding=\"async\" class=\"alignnone size-full wp-image-23711\" src=\"https:\/\/raicesjerezanas.com\/wp-content\/uploads\/2024\/04\/WhatsApp-Image-2024-04-07-at-4.28.01-PM.jpeg\" alt=\"\" width=\"1600\" height=\"1066\" srcset=\"https:\/\/raicesjerezanas.com\/wp-content\/uploads\/2024\/04\/WhatsApp-Image-2024-04-07-at-4.28.01-PM.jpeg 1600w, https:\/\/raicesjerezanas.com\/wp-content\/uploads\/2024\/04\/WhatsApp-Image-2024-04-07-at-4.28.01-PM-300x200.jpeg 300w, https:\/\/raicesjerezanas.com\/wp-content\/uploads\/2024\/04\/WhatsApp-Image-2024-04-07-at-4.28.01-PM-1024x682.jpeg 1024w, https:\/\/raicesjerezanas.com\/wp-content\/uploads\/2024\/04\/WhatsApp-Image-2024-04-07-at-4.28.01-PM-768x512.jpeg 768w, https:\/\/raicesjerezanas.com\/wp-content\/uploads\/2024\/04\/WhatsApp-Image-2024-04-07-at-4.28.01-PM-1536x1023.jpeg 1536w\" sizes=\"auto, (max-width: 1600px) 100vw, 1600px\" \/><\/a><\/p>\n<p>Cerca de 300 unidades hicieron el recorrido, entre ellas, varios Mustang de diversas l\u00edneas y modelos, igual que los cl\u00e1sicos Volks Wagen, de diferentes modelos; el Chevrolet Corvette 78, un Bel Air 1950 o el Opel Olimpia 58; el Ventura 69, un Montecarlo 80; algunas Combis en diversos modelos, desde 1972 y otras, incluyendo la Westfalia 78 con todos sus complementos originales; el Valiant 64 o el Nova 65; el simp\u00e1tico Safari del 74, una Track Jeep 1950, una Chevrolet Suburban 53 y otra 68, el impala 64, la Dodge Fargo 1950 o la GMC Apache 1959, entre muchas otras que fueron parte del festejo por los 200 a\u00f1os de historia de la Feria jerezana.<\/p>\n<p>El evento congreg\u00f3 a propietarios de veh\u00edculos y sus familias provenientes de Fresnillo, Zacatecas, Calera, R\u00edo Grande, Villanueva, Huej\u00facar, Colotl\u00e1n y otras partes de toda la regi\u00f3n, adem\u00e1s de varios participantes del municipio anfitri\u00f3n, Jerez.<\/p>\n","protected":false},"excerpt":{"rendered":"<div class=\"mh-excerpt\"><p>La historia sobre ruedas recorri\u00f3 las calles de Jerez, en el tradicional desfile de autos y camionetas antiguos, organizado por el Club Autoimagen de Jerez, <a class=\"mh-excerpt-more\" href=\"https:\/\/raicesjerezanas.com\/?p=23709\" title=\"JOYAS SOBRE RUEDAS EN EL TRADICIONAL DESFILE DE AUTOS ANTIGUOS\">&#8230;<\/a><\/p>\n<\/div>","protected":false},"author":1,"featured_media":23710,"comment_status":"closed","ping_status":"closed","sticky":false,"template":"","format":"standard","meta":{"footnotes":""},"categories":[111,102],"tags":[],"class_list":["post-23709","post","type-post","status-publish","format-standard","has-post-thumbnail","hentry","category-feria-jerez","category-noticias-de-jerez"],"_links":{"self":[{"href":"https:\/\/raicesjerezanas.com\/index.php?rest_route=\/wp\/v2\/posts\/23709","targetHints":{"allow":["GET"]}}],"collection":[{"href":"https:\/\/raicesjerezanas.com\/index.php?rest_route=\/wp\/v2\/posts"}],"about":[{"href":"https:\/\/raicesjerezanas.com\/index.php?rest_route=\/wp\/v2\/types\/post"}],"author":[{"embeddable":true,"href":"https:\/\/raicesjerezanas.com\/index.php?rest_route=\/wp\/v2\/users\/1"}],"replies":[{"embeddable":true,"href":"https:\/\/raicesjerezanas.com\/index.php?rest_route=%2Fwp%2Fv2%2Fcomments&post=23709"}],"version-history":[{"count":0,"href":"https:\/\/raicesjerezanas.com\/index.php?rest_route=\/wp\/v2\/posts\/23709\/revisions"}],"wp:featuredmedia":[{"embeddable":true,"href":"https:\/\/raicesjerezanas.com\/index.php?rest_route=\/wp\/v2\/media\/23710"}],"wp:attachment":[{"href":"https:\/\/raicesjerezanas.com\/index.php?rest_route=%2Fwp%2Fv2%2Fmedia&parent=23709"}],"wp:term":[{"taxonomy":"category","embeddable":true,"href":"https:\/\/raicesjerezanas.com\/index.php?rest_route=%2Fwp%2Fv2%2Fcategories&post=23709"},{"taxonomy":"post_tag","embeddable":true,"href":"https:\/\/raicesjerezanas.com\/index.php?rest_route=%2Fwp%2Fv2%2Ftags&post=23709"}],"curies":[{"name":"wp","href":"https:\/\/api.w.org\/{rel}","templated":true}]}}