{"id":23712,"date":"2024-04-07T22:51:05","date_gmt":"2024-04-08T04:51:05","guid":{"rendered":"https:\/\/enconecte.com\/?p=23712"},"modified":"2024-04-07T22:51:05","modified_gmt":"2024-04-08T04:51:05","slug":"se-armo-la-fiesta-con-marco-flores-y-su-banda-jerez-en-el-bicentenario-de-la-feria","status":"publish","type":"post","link":"https:\/\/raicesjerezanas.com\/?p=23712","title":{"rendered":"SE ARM\u00d3 LA FIESTA CON MARCO FLORES Y SU BANDA JEREZ EN EL BICENTENARIO DE LA FERIA"},"content":{"rendered":"<p>Con ambiente de fiesta y alegr\u00eda se llevo a cabo la presentaci\u00f3n de la Banda Jerez y artistas invitados en la Explanada de la Feria, en donde miles bailaron al son de la m\u00fasica de tambora.<\/p>\n<p>Con el ambiente al m\u00e1ximo, Marco Antonio Flores comparti\u00f3 junto a sus m\u00fasicos, una presentaci\u00f3n espectacular, como parte de la Feria de la Primavera y el festejo por sus 200 a\u00f1os.<\/p>\n<p>Retumb\u00f3 en la explanada de la feria el ritmo de Banda Jerez, que refrenda ser una de las agrupaciones consentidas del p\u00fablico, junto con su l\u00edder Marco Flores.<\/p>\n<p>Muy a su estilo, que lo ha llevado a la cima del \u00e9xito, el cantante interpret\u00f3 \u00abEl carrito\u00bb, \u00abLa burra orejona\u00bb, \u00abPor una l\u00e1grima\u00bb, \u00abTamarindo\u00bb, \u00abDos hojas sin rumbo\u00bb, \u00abLa Cabrona\u00bb y algunos temas m\u00e1s con banda y mariachi.<\/p>\n<p>Abrieron el concierto Los Cadetes de Linares, mientras que El Gallo Elizalde, To\u00f1o Lizarraga y Saul \u00abEl Jaguar\u00bb, compartieron escenario con Marco Flores y su Banda Jerez en esta gran velada.<\/p>\n<p><a href=\"https:\/\/raicesjerezanas.com\/wp-content\/uploads\/2024\/04\/WhatsApp-Image-2024-04-07-at-4.35.30-PM.jpeg\"><img loading=\"lazy\" decoding=\"async\" class=\"alignnone size-full wp-image-23715\" src=\"https:\/\/raicesjerezanas.com\/wp-content\/uploads\/2024\/04\/WhatsApp-Image-2024-04-07-at-4.35.30-PM.jpeg\" alt=\"\" width=\"1200\" height=\"800\" srcset=\"https:\/\/raicesjerezanas.com\/wp-content\/uploads\/2024\/04\/WhatsApp-Image-2024-04-07-at-4.35.30-PM.jpeg 1200w, https:\/\/raicesjerezanas.com\/wp-content\/uploads\/2024\/04\/WhatsApp-Image-2024-04-07-at-4.35.30-PM-300x200.jpeg 300w, https:\/\/raicesjerezanas.com\/wp-content\/uploads\/2024\/04\/WhatsApp-Image-2024-04-07-at-4.35.30-PM-1024x683.jpeg 1024w, https:\/\/raicesjerezanas.com\/wp-content\/uploads\/2024\/04\/WhatsApp-Image-2024-04-07-at-4.35.30-PM-768x512.jpeg 768w\" sizes=\"auto, (max-width: 1200px) 100vw, 1200px\" \/><\/a> <a href=\"https:\/\/raicesjerezanas.com\/wp-content\/uploads\/2024\/04\/WhatsApp-Image-2024-04-07-at-4.35.34-PM.jpeg\"><img loading=\"lazy\" decoding=\"async\" class=\"alignnone size-full wp-image-23714\" src=\"https:\/\/raicesjerezanas.com\/wp-content\/uploads\/2024\/04\/WhatsApp-Image-2024-04-07-at-4.35.34-PM.jpeg\" alt=\"\" width=\"1200\" height=\"800\" srcset=\"https:\/\/raicesjerezanas.com\/wp-content\/uploads\/2024\/04\/WhatsApp-Image-2024-04-07-at-4.35.34-PM.jpeg 1200w, https:\/\/raicesjerezanas.com\/wp-content\/uploads\/2024\/04\/WhatsApp-Image-2024-04-07-at-4.35.34-PM-300x200.jpeg 300w, https:\/\/raicesjerezanas.com\/wp-content\/uploads\/2024\/04\/WhatsApp-Image-2024-04-07-at-4.35.34-PM-1024x683.jpeg 1024w, https:\/\/raicesjerezanas.com\/wp-content\/uploads\/2024\/04\/WhatsApp-Image-2024-04-07-at-4.35.34-PM-768x512.jpeg 768w\" sizes=\"auto, (max-width: 1200px) 100vw, 1200px\" \/><\/a><\/p>\n","protected":false},"excerpt":{"rendered":"<div class=\"mh-excerpt\"><p>Con ambiente de fiesta y alegr\u00eda se llevo a cabo la presentaci\u00f3n de la Banda Jerez y artistas invitados en la Explanada de la Feria, <a class=\"mh-excerpt-more\" href=\"https:\/\/raicesjerezanas.com\/?p=23712\" title=\"SE ARM\u00d3 LA FIESTA CON MARCO FLORES Y SU BANDA JEREZ EN EL BICENTENARIO DE LA FERIA\">&#8230;<\/a><\/p>\n<\/div>","protected":false},"author":1,"featured_media":23713,"comment_status":"closed","ping_status":"closed","sticky":false,"template":"","format":"standard","meta":{"footnotes":""},"categories":[111,102],"tags":[],"class_list":["post-23712","post","type-post","status-publish","format-standard","has-post-thumbnail","hentry","category-feria-jerez","category-noticias-de-jerez"],"_links":{"self":[{"href":"https:\/\/raicesjerezanas.com\/index.php?rest_route=\/wp\/v2\/posts\/23712","targetHints":{"allow":["GET"]}}],"collection":[{"href":"https:\/\/raicesjerezanas.com\/index.php?rest_route=\/wp\/v2\/posts"}],"about":[{"href":"https:\/\/raicesjerezanas.com\/index.php?rest_route=\/wp\/v2\/types\/post"}],"author":[{"embeddable":true,"href":"https:\/\/raicesjerezanas.com\/index.php?rest_route=\/wp\/v2\/users\/1"}],"replies":[{"embeddable":true,"href":"https:\/\/raicesjerezanas.com\/index.php?rest_route=%2Fwp%2Fv2%2Fcomments&post=23712"}],"version-history":[{"count":0,"href":"https:\/\/raicesjerezanas.com\/index.php?rest_route=\/wp\/v2\/posts\/23712\/revisions"}],"wp:featuredmedia":[{"embeddable":true,"href":"https:\/\/raicesjerezanas.com\/index.php?rest_route=\/wp\/v2\/media\/23713"}],"wp:attachment":[{"href":"https:\/\/raicesjerezanas.com\/index.php?rest_route=%2Fwp%2Fv2%2Fmedia&parent=23712"}],"wp:term":[{"taxonomy":"category","embeddable":true,"href":"https:\/\/raicesjerezanas.com\/index.php?rest_route=%2Fwp%2Fv2%2Fcategories&post=23712"},{"taxonomy":"post_tag","embeddable":true,"href":"https:\/\/raicesjerezanas.com\/index.php?rest_route=%2Fwp%2Fv2%2Ftags&post=23712"}],"curies":[{"name":"wp","href":"https:\/\/api.w.org\/{rel}","templated":true}]}}