{"id":23716,"date":"2024-04-07T22:52:57","date_gmt":"2024-04-08T04:52:57","guid":{"rendered":"https:\/\/enconecte.com\/?p=23716"},"modified":"2024-04-07T22:52:57","modified_gmt":"2024-04-08T04:52:57","slug":"exitosa-expo-canina-2024-en-la-feria-de-la-primavera","status":"publish","type":"post","link":"https:\/\/raicesjerezanas.com\/?p=23716","title":{"rendered":"EXITOSA EXPO CANINA 2024 EN LA FERIA DE LA PRIMAVERA"},"content":{"rendered":"<p>Con cerca de 50 participantes, se llev\u00f3 a cabo la segunda Expo Canina en el marco de la Feria de LA Primavera y los festejos de su bicentenario.<\/p>\n<p>El evento se desarroll\u00f3 en la Alameda Francisco Garc\u00eda Salinas, con participantes provenientes de varios estados y puntos de la entidad.<\/p>\n<p>Carlos Murillo, encargado del evento y del Centro de Atenci\u00f3n Canina y Felina, destac\u00f3 la participaci\u00f3n de 50 ejemplares de diferentes razas, cuyos entrenadores los hicieron lucir en cada presentaci\u00f3n.<\/p>\n<p>El juez del evento fue Julio C\u00e9sar D\u00edaz Barr\u00f3n, quien calific\u00f3 rasgos como la conformaci\u00f3n, movimiento, temperamento y comportamiento de cada especie.<\/p>\n<p>Se instalaron stands de casas comerciales de est\u00e9tica canina, venta de accesorios y marcas de alimentos, as\u00ed como una jornada de adopci\u00f3n en la que familias jerezanas acogieron a cinco perritos.<\/p>\n<p><a href=\"https:\/\/raicesjerezanas.com\/wp-content\/uploads\/2024\/04\/WhatsApp-Image-2024-04-07-at-5.35.34-PM.jpeg\"><img loading=\"lazy\" decoding=\"async\" class=\"alignnone size-full wp-image-23717\" src=\"https:\/\/raicesjerezanas.com\/wp-content\/uploads\/2024\/04\/WhatsApp-Image-2024-04-07-at-5.35.34-PM.jpeg\" alt=\"\" width=\"1600\" height=\"1066\" srcset=\"https:\/\/raicesjerezanas.com\/wp-content\/uploads\/2024\/04\/WhatsApp-Image-2024-04-07-at-5.35.34-PM.jpeg 1600w, https:\/\/raicesjerezanas.com\/wp-content\/uploads\/2024\/04\/WhatsApp-Image-2024-04-07-at-5.35.34-PM-300x200.jpeg 300w, https:\/\/raicesjerezanas.com\/wp-content\/uploads\/2024\/04\/WhatsApp-Image-2024-04-07-at-5.35.34-PM-1024x682.jpeg 1024w, https:\/\/raicesjerezanas.com\/wp-content\/uploads\/2024\/04\/WhatsApp-Image-2024-04-07-at-5.35.34-PM-768x512.jpeg 768w, https:\/\/raicesjerezanas.com\/wp-content\/uploads\/2024\/04\/WhatsApp-Image-2024-04-07-at-5.35.34-PM-1536x1023.jpeg 1536w\" sizes=\"auto, (max-width: 1600px) 100vw, 1600px\" \/><\/a><\/p>\n","protected":false},"excerpt":{"rendered":"<div class=\"mh-excerpt\"><p>Con cerca de 50 participantes, se llev\u00f3 a cabo la segunda Expo Canina en el marco de la Feria de LA Primavera y los festejos <a class=\"mh-excerpt-more\" href=\"https:\/\/raicesjerezanas.com\/?p=23716\" title=\"EXITOSA EXPO CANINA 2024 EN LA FERIA DE LA PRIMAVERA\">&#8230;<\/a><\/p>\n<\/div>","protected":false},"author":1,"featured_media":23719,"comment_status":"closed","ping_status":"closed","sticky":false,"template":"","format":"standard","meta":{"footnotes":""},"categories":[111,102],"tags":[],"class_list":["post-23716","post","type-post","status-publish","format-standard","has-post-thumbnail","hentry","category-feria-jerez","category-noticias-de-jerez"],"_links":{"self":[{"href":"https:\/\/raicesjerezanas.com\/index.php?rest_route=\/wp\/v2\/posts\/23716","targetHints":{"allow":["GET"]}}],"collection":[{"href":"https:\/\/raicesjerezanas.com\/index.php?rest_route=\/wp\/v2\/posts"}],"about":[{"href":"https:\/\/raicesjerezanas.com\/index.php?rest_route=\/wp\/v2\/types\/post"}],"author":[{"embeddable":true,"href":"https:\/\/raicesjerezanas.com\/index.php?rest_route=\/wp\/v2\/users\/1"}],"replies":[{"embeddable":true,"href":"https:\/\/raicesjerezanas.com\/index.php?rest_route=%2Fwp%2Fv2%2Fcomments&post=23716"}],"version-history":[{"count":0,"href":"https:\/\/raicesjerezanas.com\/index.php?rest_route=\/wp\/v2\/posts\/23716\/revisions"}],"wp:featuredmedia":[{"embeddable":true,"href":"https:\/\/raicesjerezanas.com\/index.php?rest_route=\/wp\/v2\/media\/23719"}],"wp:attachment":[{"href":"https:\/\/raicesjerezanas.com\/index.php?rest_route=%2Fwp%2Fv2%2Fmedia&parent=23716"}],"wp:term":[{"taxonomy":"category","embeddable":true,"href":"https:\/\/raicesjerezanas.com\/index.php?rest_route=%2Fwp%2Fv2%2Fcategories&post=23716"},{"taxonomy":"post_tag","embeddable":true,"href":"https:\/\/raicesjerezanas.com\/index.php?rest_route=%2Fwp%2Fv2%2Ftags&post=23716"}],"curies":[{"name":"wp","href":"https:\/\/api.w.org\/{rel}","templated":true}]}}