{"id":23720,"date":"2024-04-07T22:54:11","date_gmt":"2024-04-08T04:54:11","guid":{"rendered":"https:\/\/enconecte.com\/?p=23720"},"modified":"2024-04-07T22:54:11","modified_gmt":"2024-04-08T04:54:11","slug":"pelonas-de-zacatecas-y-uach-lograron-el-bicampeonato-en-el-voleibol-de-feria","status":"publish","type":"post","link":"https:\/\/raicesjerezanas.com\/?p=23720","title":{"rendered":"PELONAS DE ZACATECAS Y UACH LOGRARON EL BICAMPEONATO EN EL VOLEIBOL DE FERIA"},"content":{"rendered":"<p>Lleg\u00f3 a su fin el prestigioso torneo de voleibol de la Feria de la Primavera, en el que Pelonas de Zacatecas en la rama femenil y la Universidad Aut\u00f3noma de Chihuahua (UACH) en la varonil, obtuvieron el primer lugar y con ello el bicampeonato de este evento anual.<\/p>\n<p>Los partidos fueron dignos de una final en un torneo importante; el juego protagonizado por las damas se decidi\u00f3 hasta el tercer set, en el que las ahora campeonas superaron a las Maetas de Zacatecas, mientras que la UACH se coron\u00f3 en dos sets, superando a La Chona, Jalisco, con un marcador apretado, especialmente en el segundo set, que termin\u00f3 25 a 23.<\/p>\n<p>Las autoridades municipales y la coordinaci\u00f3n deportiva del Comit\u00e9 de la Feria de la Primavera entregaron los premios a los campeones y subcampeones; se destin\u00f3 una bolsa de 40 mil pesos en premios, 20 mil para la rama femenil y la misma cantidad para la varonil.<\/p>\n<p>Es importante destacar el hecho de que, en los dos equipos que disputaron la final varonil, se encuentran jugadores jerezanos; ya es costumbre ver en el equipo de La Chona a Jes\u00fas Caldera y ahora se sum\u00f3 para este torneo Arturo Garc\u00eda, mientras que David S\u00e1nchez y Alan Valdez forman parte del importante proyecto deportivo de la Universidad Aut\u00f3noma de Chihuahua.<\/p>\n<p><a href=\"https:\/\/raicesjerezanas.com\/wp-content\/uploads\/2024\/04\/WhatsApp-Image-2024-04-07-at-6.45.33-PM.jpeg\"><img loading=\"lazy\" decoding=\"async\" class=\"alignnone size-full wp-image-23722\" src=\"https:\/\/raicesjerezanas.com\/wp-content\/uploads\/2024\/04\/WhatsApp-Image-2024-04-07-at-6.45.33-PM.jpeg\" alt=\"\" width=\"1600\" height=\"1066\" srcset=\"https:\/\/raicesjerezanas.com\/wp-content\/uploads\/2024\/04\/WhatsApp-Image-2024-04-07-at-6.45.33-PM.jpeg 1600w, https:\/\/raicesjerezanas.com\/wp-content\/uploads\/2024\/04\/WhatsApp-Image-2024-04-07-at-6.45.33-PM-300x200.jpeg 300w, https:\/\/raicesjerezanas.com\/wp-content\/uploads\/2024\/04\/WhatsApp-Image-2024-04-07-at-6.45.33-PM-1024x682.jpeg 1024w, https:\/\/raicesjerezanas.com\/wp-content\/uploads\/2024\/04\/WhatsApp-Image-2024-04-07-at-6.45.33-PM-768x512.jpeg 768w, https:\/\/raicesjerezanas.com\/wp-content\/uploads\/2024\/04\/WhatsApp-Image-2024-04-07-at-6.45.33-PM-1536x1023.jpeg 1536w\" sizes=\"auto, (max-width: 1600px) 100vw, 1600px\" \/><\/a><\/p>\n","protected":false},"excerpt":{"rendered":"<div class=\"mh-excerpt\"><p>Lleg\u00f3 a su fin el prestigioso torneo de voleibol de la Feria de la Primavera, en el que Pelonas de Zacatecas en la rama femenil <a class=\"mh-excerpt-more\" href=\"https:\/\/raicesjerezanas.com\/?p=23720\" title=\"PELONAS DE ZACATECAS Y UACH LOGRARON EL BICAMPEONATO EN EL VOLEIBOL DE FERIA\">&#8230;<\/a><\/p>\n<\/div>","protected":false},"author":1,"featured_media":23721,"comment_status":"closed","ping_status":"closed","sticky":false,"template":"","format":"standard","meta":{"footnotes":""},"categories":[111,102],"tags":[],"class_list":["post-23720","post","type-post","status-publish","format-standard","has-post-thumbnail","hentry","category-feria-jerez","category-noticias-de-jerez"],"_links":{"self":[{"href":"https:\/\/raicesjerezanas.com\/index.php?rest_route=\/wp\/v2\/posts\/23720","targetHints":{"allow":["GET"]}}],"collection":[{"href":"https:\/\/raicesjerezanas.com\/index.php?rest_route=\/wp\/v2\/posts"}],"about":[{"href":"https:\/\/raicesjerezanas.com\/index.php?rest_route=\/wp\/v2\/types\/post"}],"author":[{"embeddable":true,"href":"https:\/\/raicesjerezanas.com\/index.php?rest_route=\/wp\/v2\/users\/1"}],"replies":[{"embeddable":true,"href":"https:\/\/raicesjerezanas.com\/index.php?rest_route=%2Fwp%2Fv2%2Fcomments&post=23720"}],"version-history":[{"count":0,"href":"https:\/\/raicesjerezanas.com\/index.php?rest_route=\/wp\/v2\/posts\/23720\/revisions"}],"wp:featuredmedia":[{"embeddable":true,"href":"https:\/\/raicesjerezanas.com\/index.php?rest_route=\/wp\/v2\/media\/23721"}],"wp:attachment":[{"href":"https:\/\/raicesjerezanas.com\/index.php?rest_route=%2Fwp%2Fv2%2Fmedia&parent=23720"}],"wp:term":[{"taxonomy":"category","embeddable":true,"href":"https:\/\/raicesjerezanas.com\/index.php?rest_route=%2Fwp%2Fv2%2Fcategories&post=23720"},{"taxonomy":"post_tag","embeddable":true,"href":"https:\/\/raicesjerezanas.com\/index.php?rest_route=%2Fwp%2Fv2%2Ftags&post=23720"}],"curies":[{"name":"wp","href":"https:\/\/api.w.org\/{rel}","templated":true}]}}