{"id":23723,"date":"2024-04-07T22:57:49","date_gmt":"2024-04-08T04:57:49","guid":{"rendered":"https:\/\/enconecte.com\/?p=23723"},"modified":"2024-04-07T22:57:49","modified_gmt":"2024-04-08T04:57:49","slug":"clausura-la-expo-ganadera-de-la-feria-en-su-200-aniversario","status":"publish","type":"post","link":"https:\/\/raicesjerezanas.com\/?p=23723","title":{"rendered":"CLAUSURA LA EXPO GANADERA DE LA FERIA EN SU 200 ANIVERSARIO"},"content":{"rendered":"<p>Tras una destacada participaci\u00f3n por parte del sector ganadero, concluy\u00f3 la Exposici\u00f3n Ganadera de la Feria de la Primavera Jerez 2024.<\/p>\n<p>En el bicentenario de la festividad m\u00e1s importante de Jerez y la regi\u00f3n, se llev\u00f3 a cabo la exhibici\u00f3n de ganado de alta calidad en diversas razas bovinas y ovinas, disponibles para la venta para aquellos interesados.<\/p>\n<p>Uno de los momentos m\u00e1s destacados de la Expo 2024 fue la rifa de 2 sementales, cuyos ganadores fueron de La Gavia y El Porvenir. Adem\u00e1s, se otorgaron subsidios a 27 productores que adquirieron un semental bovino.<\/p>\n<p>En total, se exhibieron 65 bovinos registrados de las razas Brahman, Charolais, Beefmaster, Simmental, Hereford y Simbrah, propiedad de ganaderos de Jerez, Tepechitl\u00e1n y Fresnillo.<\/p>\n<p>De los 75 borregos y borregas presentados, se premiaron a los mejores ejemplares, siendo el rancho El Ardillal el ganador del mejor semental ovino.<\/p>\n<p>Cientos de productores de las comunidades, tanto locales como visitantes, recorrieron la Exposici\u00f3n, que cumpli\u00f3 con su objetivo de dar continuidad a una tradici\u00f3n ferial y contribuir al beneficio del sector ganadero jerezano.<\/p>\n<p><a href=\"https:\/\/raicesjerezanas.com\/wp-content\/uploads\/2024\/04\/WhatsApp-Image-2024-04-07-at-6.52.32-PM.jpeg\"><img loading=\"lazy\" decoding=\"async\" class=\"alignnone size-full wp-image-23725\" src=\"https:\/\/raicesjerezanas.com\/wp-content\/uploads\/2024\/04\/WhatsApp-Image-2024-04-07-at-6.52.32-PM.jpeg\" alt=\"\" width=\"1600\" height=\"1066\" srcset=\"https:\/\/raicesjerezanas.com\/wp-content\/uploads\/2024\/04\/WhatsApp-Image-2024-04-07-at-6.52.32-PM.jpeg 1600w, https:\/\/raicesjerezanas.com\/wp-content\/uploads\/2024\/04\/WhatsApp-Image-2024-04-07-at-6.52.32-PM-300x200.jpeg 300w, https:\/\/raicesjerezanas.com\/wp-content\/uploads\/2024\/04\/WhatsApp-Image-2024-04-07-at-6.52.32-PM-1024x682.jpeg 1024w, https:\/\/raicesjerezanas.com\/wp-content\/uploads\/2024\/04\/WhatsApp-Image-2024-04-07-at-6.52.32-PM-768x512.jpeg 768w, https:\/\/raicesjerezanas.com\/wp-content\/uploads\/2024\/04\/WhatsApp-Image-2024-04-07-at-6.52.32-PM-1536x1023.jpeg 1536w\" sizes=\"auto, (max-width: 1600px) 100vw, 1600px\" \/><\/a><\/p>\n","protected":false},"excerpt":{"rendered":"<div class=\"mh-excerpt\"><p>Tras una destacada participaci\u00f3n por parte del sector ganadero, concluy\u00f3 la Exposici\u00f3n Ganadera de la Feria de la Primavera Jerez 2024. En el bicentenario de <a class=\"mh-excerpt-more\" href=\"https:\/\/raicesjerezanas.com\/?p=23723\" title=\"CLAUSURA LA EXPO GANADERA DE LA FERIA EN SU 200 ANIVERSARIO\">&#8230;<\/a><\/p>\n<\/div>","protected":false},"author":1,"featured_media":23724,"comment_status":"closed","ping_status":"closed","sticky":false,"template":"","format":"standard","meta":{"footnotes":""},"categories":[111,102],"tags":[],"class_list":["post-23723","post","type-post","status-publish","format-standard","has-post-thumbnail","hentry","category-feria-jerez","category-noticias-de-jerez"],"_links":{"self":[{"href":"https:\/\/raicesjerezanas.com\/index.php?rest_route=\/wp\/v2\/posts\/23723","targetHints":{"allow":["GET"]}}],"collection":[{"href":"https:\/\/raicesjerezanas.com\/index.php?rest_route=\/wp\/v2\/posts"}],"about":[{"href":"https:\/\/raicesjerezanas.com\/index.php?rest_route=\/wp\/v2\/types\/post"}],"author":[{"embeddable":true,"href":"https:\/\/raicesjerezanas.com\/index.php?rest_route=\/wp\/v2\/users\/1"}],"replies":[{"embeddable":true,"href":"https:\/\/raicesjerezanas.com\/index.php?rest_route=%2Fwp%2Fv2%2Fcomments&post=23723"}],"version-history":[{"count":0,"href":"https:\/\/raicesjerezanas.com\/index.php?rest_route=\/wp\/v2\/posts\/23723\/revisions"}],"wp:featuredmedia":[{"embeddable":true,"href":"https:\/\/raicesjerezanas.com\/index.php?rest_route=\/wp\/v2\/media\/23724"}],"wp:attachment":[{"href":"https:\/\/raicesjerezanas.com\/index.php?rest_route=%2Fwp%2Fv2%2Fmedia&parent=23723"}],"wp:term":[{"taxonomy":"category","embeddable":true,"href":"https:\/\/raicesjerezanas.com\/index.php?rest_route=%2Fwp%2Fv2%2Fcategories&post=23723"},{"taxonomy":"post_tag","embeddable":true,"href":"https:\/\/raicesjerezanas.com\/index.php?rest_route=%2Fwp%2Fv2%2Ftags&post=23723"}],"curies":[{"name":"wp","href":"https:\/\/api.w.org\/{rel}","templated":true}]}}