{"id":23726,"date":"2024-04-07T23:00:00","date_gmt":"2024-04-08T05:00:00","guid":{"rendered":"https:\/\/enconecte.com\/?p=23726"},"modified":"2024-04-07T23:00:00","modified_gmt":"2024-04-08T05:00:00","slug":"rodo-la-pelota-caliente-en-el-bicentenario-de-la-feria-de-jerez","status":"publish","type":"post","link":"https:\/\/raicesjerezanas.com\/?p=23726","title":{"rendered":"ROD\u00d3 LA PELOTA CALIENTE EN EL BICENTENARIO DE LA FERIA DE JEREZ"},"content":{"rendered":"<ul>\n<li>Diablos se qued\u00f3 con el primer lugar del triangular<\/li>\n<\/ul>\n<p>Rod\u00f3 la pelota caliente en el estadio de b\u00e9isbol con el triangular que sostuvieron los equipos de la Selecci\u00f3n \u201cTostaderos\u201d de Jerez, Diablos de Jerez y R\u00edo Fr\u00edo, Calera, como parte de las actividades realizadas dentro del bicentenario de la Feria de la Primavera.<\/p>\n<p>Las autoridades municipales y del Comit\u00e9 de Feria encabezaron el protocolo del lanzamiento de la primera bola, con lo que simb\u00f3licamente se dio inicio a las actividades en el terreno de juego. El primer encuentro correspondi\u00f3 a las dos novenas locales, en el cual los Diablos se quedaron con el triunfo y avanzaron directamente a la final. En el segundo partido, R\u00edo Fr\u00edo super\u00f3 a Tostaderos y pas\u00f3 al juego decisivo.<\/p>\n<p>Los escarlatas se llevaron el premio del primer lugar al vencer a los calerenses. La premiaci\u00f3n estuvo a cargo de los directivos de la Liga Municipal de B\u00e9isbol, Rafael Robles, presidente, y Manuel de Jes\u00fas Medina, secretario, en nombre de la coordinaci\u00f3n deportiva del Comit\u00e9 de Feria.<\/p>\n<p><a href=\"https:\/\/raicesjerezanas.com\/wp-content\/uploads\/2024\/04\/WhatsApp-Image-2024-04-07-at-8.00.12-PM.jpeg\"><img loading=\"lazy\" decoding=\"async\" class=\"alignnone size-full wp-image-23728\" src=\"https:\/\/raicesjerezanas.com\/wp-content\/uploads\/2024\/04\/WhatsApp-Image-2024-04-07-at-8.00.12-PM.jpeg\" alt=\"\" width=\"1600\" height=\"1066\" srcset=\"https:\/\/raicesjerezanas.com\/wp-content\/uploads\/2024\/04\/WhatsApp-Image-2024-04-07-at-8.00.12-PM.jpeg 1600w, https:\/\/raicesjerezanas.com\/wp-content\/uploads\/2024\/04\/WhatsApp-Image-2024-04-07-at-8.00.12-PM-300x200.jpeg 300w, https:\/\/raicesjerezanas.com\/wp-content\/uploads\/2024\/04\/WhatsApp-Image-2024-04-07-at-8.00.12-PM-1024x682.jpeg 1024w, https:\/\/raicesjerezanas.com\/wp-content\/uploads\/2024\/04\/WhatsApp-Image-2024-04-07-at-8.00.12-PM-768x512.jpeg 768w, https:\/\/raicesjerezanas.com\/wp-content\/uploads\/2024\/04\/WhatsApp-Image-2024-04-07-at-8.00.12-PM-1536x1023.jpeg 1536w\" sizes=\"auto, (max-width: 1600px) 100vw, 1600px\" \/><\/a><\/p>\n","protected":false},"excerpt":{"rendered":"<div class=\"mh-excerpt\"><p>Diablos se qued\u00f3 con el primer lugar del triangular Rod\u00f3 la pelota caliente en el estadio de b\u00e9isbol con el triangular que sostuvieron los equipos <a class=\"mh-excerpt-more\" href=\"https:\/\/raicesjerezanas.com\/?p=23726\" title=\"ROD\u00d3 LA PELOTA CALIENTE EN EL BICENTENARIO DE LA FERIA DE JEREZ\">&#8230;<\/a><\/p>\n<\/div>","protected":false},"author":1,"featured_media":23727,"comment_status":"closed","ping_status":"closed","sticky":false,"template":"","format":"standard","meta":{"footnotes":""},"categories":[111,102],"tags":[],"class_list":["post-23726","post","type-post","status-publish","format-standard","has-post-thumbnail","hentry","category-feria-jerez","category-noticias-de-jerez"],"_links":{"self":[{"href":"https:\/\/raicesjerezanas.com\/index.php?rest_route=\/wp\/v2\/posts\/23726","targetHints":{"allow":["GET"]}}],"collection":[{"href":"https:\/\/raicesjerezanas.com\/index.php?rest_route=\/wp\/v2\/posts"}],"about":[{"href":"https:\/\/raicesjerezanas.com\/index.php?rest_route=\/wp\/v2\/types\/post"}],"author":[{"embeddable":true,"href":"https:\/\/raicesjerezanas.com\/index.php?rest_route=\/wp\/v2\/users\/1"}],"replies":[{"embeddable":true,"href":"https:\/\/raicesjerezanas.com\/index.php?rest_route=%2Fwp%2Fv2%2Fcomments&post=23726"}],"version-history":[{"count":0,"href":"https:\/\/raicesjerezanas.com\/index.php?rest_route=\/wp\/v2\/posts\/23726\/revisions"}],"wp:featuredmedia":[{"embeddable":true,"href":"https:\/\/raicesjerezanas.com\/index.php?rest_route=\/wp\/v2\/media\/23727"}],"wp:attachment":[{"href":"https:\/\/raicesjerezanas.com\/index.php?rest_route=%2Fwp%2Fv2%2Fmedia&parent=23726"}],"wp:term":[{"taxonomy":"category","embeddable":true,"href":"https:\/\/raicesjerezanas.com\/index.php?rest_route=%2Fwp%2Fv2%2Fcategories&post=23726"},{"taxonomy":"post_tag","embeddable":true,"href":"https:\/\/raicesjerezanas.com\/index.php?rest_route=%2Fwp%2Fv2%2Ftags&post=23726"}],"curies":[{"name":"wp","href":"https:\/\/api.w.org\/{rel}","templated":true}]}}