{"id":23732,"date":"2024-04-08T23:03:15","date_gmt":"2024-04-09T05:03:15","guid":{"rendered":"https:\/\/enconecte.com\/?p=23732"},"modified":"2024-04-08T23:03:15","modified_gmt":"2024-04-09T05:03:15","slug":"espectacular-cierre-del-bicentenario-de-la-feria-con-chuy-lizarraga","status":"publish","type":"post","link":"https:\/\/raicesjerezanas.com\/?p=23732","title":{"rendered":"ESPECTACULAR CIERRE DEL BICENTENARIO DE LA FERIA CON CHUY LIZARRAGA"},"content":{"rendered":"<ul>\n<li>Lleno total en bares y plancha de la explanada ferial.<\/li>\n<\/ul>\n<p>Cierra con broche de oro el festejo de los 200 a\u00f1os de la Feria de la Primavera, con la presencia de la cara alegre de banda, que atrajo miles de personas que disfrutaron su espect\u00e1culo.<\/p>\n<p>Sencillez, talento y carisma siempre caracter\u00edsticos en el cantante, aparecieron en el escenario al comenzar su concierto con la interpretaci\u00f3n de \u00abEl Palomino\u00bb, \u00abEl muchacho alegre\u00bb, \u00abEl amor no se vende\u00bb \u00abCuanto me gusta este rancho\u00bb y muchos temas m\u00e1s.<\/p>\n<p>La pirotecnia a la par de gritos y coros hicieron notar el recibimiento de Chuy Lizarraga y su Banda, al m\u00e1s alegre de los pueblos m\u00e1gicos, en su Feria 2024, que nuevamente se viste de fiesta.<\/p>\n<p>El siempre bien recibido Chuy Lizarraga, ha hecho de Jerez una de sus plazas favoritas, lo reafirma en esta presentaci\u00f3n que deja con un buen sabor de boca a los asistentes del evento que luci\u00f3 un lleno total.<\/p>\n<p>As\u00ed culmin\u00f3 el Teatro del Pueblo, que nuevamente ilumin\u00f3 y dio vida a la explanada ferial, despu\u00e9s de un receso de cinco a\u00f1os, lo cual permiti\u00f3 un nuevo despegue en la actividad y econom\u00eda entorno a las actividades de esta tradici\u00f3n.<\/p>\n<p><a href=\"https:\/\/raicesjerezanas.com\/wp-content\/uploads\/2024\/04\/WhatsApp-Image-2024-04-08-at-9.12.06-AM.jpeg\"><img loading=\"lazy\" decoding=\"async\" class=\"alignnone size-full wp-image-23733\" src=\"https:\/\/raicesjerezanas.com\/wp-content\/uploads\/2024\/04\/WhatsApp-Image-2024-04-08-at-9.12.06-AM.jpeg\" alt=\"\" width=\"1600\" height=\"1066\" srcset=\"https:\/\/raicesjerezanas.com\/wp-content\/uploads\/2024\/04\/WhatsApp-Image-2024-04-08-at-9.12.06-AM.jpeg 1600w, https:\/\/raicesjerezanas.com\/wp-content\/uploads\/2024\/04\/WhatsApp-Image-2024-04-08-at-9.12.06-AM-300x200.jpeg 300w, https:\/\/raicesjerezanas.com\/wp-content\/uploads\/2024\/04\/WhatsApp-Image-2024-04-08-at-9.12.06-AM-1024x682.jpeg 1024w, https:\/\/raicesjerezanas.com\/wp-content\/uploads\/2024\/04\/WhatsApp-Image-2024-04-08-at-9.12.06-AM-768x512.jpeg 768w, https:\/\/raicesjerezanas.com\/wp-content\/uploads\/2024\/04\/WhatsApp-Image-2024-04-08-at-9.12.06-AM-1536x1023.jpeg 1536w\" sizes=\"auto, (max-width: 1600px) 100vw, 1600px\" \/><\/a><\/p>\n","protected":false},"excerpt":{"rendered":"<div class=\"mh-excerpt\"><p>Lleno total en bares y plancha de la explanada ferial. Cierra con broche de oro el festejo de los 200 a\u00f1os de la Feria de <a class=\"mh-excerpt-more\" href=\"https:\/\/raicesjerezanas.com\/?p=23732\" title=\"ESPECTACULAR CIERRE DEL BICENTENARIO DE LA FERIA CON CHUY LIZARRAGA\">&#8230;<\/a><\/p>\n<\/div>","protected":false},"author":1,"featured_media":23740,"comment_status":"closed","ping_status":"closed","sticky":false,"template":"","format":"standard","meta":{"footnotes":""},"categories":[102],"tags":[],"class_list":["post-23732","post","type-post","status-publish","format-standard","has-post-thumbnail","hentry","category-noticias-de-jerez"],"_links":{"self":[{"href":"https:\/\/raicesjerezanas.com\/index.php?rest_route=\/wp\/v2\/posts\/23732","targetHints":{"allow":["GET"]}}],"collection":[{"href":"https:\/\/raicesjerezanas.com\/index.php?rest_route=\/wp\/v2\/posts"}],"about":[{"href":"https:\/\/raicesjerezanas.com\/index.php?rest_route=\/wp\/v2\/types\/post"}],"author":[{"embeddable":true,"href":"https:\/\/raicesjerezanas.com\/index.php?rest_route=\/wp\/v2\/users\/1"}],"replies":[{"embeddable":true,"href":"https:\/\/raicesjerezanas.com\/index.php?rest_route=%2Fwp%2Fv2%2Fcomments&post=23732"}],"version-history":[{"count":0,"href":"https:\/\/raicesjerezanas.com\/index.php?rest_route=\/wp\/v2\/posts\/23732\/revisions"}],"wp:featuredmedia":[{"embeddable":true,"href":"https:\/\/raicesjerezanas.com\/index.php?rest_route=\/wp\/v2\/media\/23740"}],"wp:attachment":[{"href":"https:\/\/raicesjerezanas.com\/index.php?rest_route=%2Fwp%2Fv2%2Fmedia&parent=23732"}],"wp:term":[{"taxonomy":"category","embeddable":true,"href":"https:\/\/raicesjerezanas.com\/index.php?rest_route=%2Fwp%2Fv2%2Fcategories&post=23732"},{"taxonomy":"post_tag","embeddable":true,"href":"https:\/\/raicesjerezanas.com\/index.php?rest_route=%2Fwp%2Fv2%2Ftags&post=23732"}],"curies":[{"name":"wp","href":"https:\/\/api.w.org\/{rel}","templated":true}]}}