{"id":23735,"date":"2024-04-08T22:05:33","date_gmt":"2024-04-09T04:05:33","guid":{"rendered":"https:\/\/enconecte.com\/?p=23735"},"modified":"2024-04-08T22:05:33","modified_gmt":"2024-04-09T04:05:33","slug":"con-buen-rock-en-espanol-concluyo-actividades-el-foro-cultural-en-la-feria-del-bicentenario","status":"publish","type":"post","link":"https:\/\/raicesjerezanas.com\/?p=23735","title":{"rendered":"CON BUEN ROCK EN ESPA\u00d1OL, CONCLUY\u00d3 ACTIVIDADES EL FORO CULTURAL EN LA FERIA DEL BICENTENARIO"},"content":{"rendered":"<p>El tour Lo Mejor del Rock en espa\u00f1ol fue el gran cierre del Foro Bicentenario de la Feria de Primavera, con la presentaci\u00f3n de hist\u00f3ricos representantes de este g\u00e9nero musical, en una noche llena de buena m\u00fasica y gratos recuerdos, para la gran cantidad de fans que se dieron cita, con el objeto de disfrutar de un gran espect\u00e1culo.<\/p>\n<p>Abri\u00f3 la audici\u00f3n Claudio P\u00e9rez de Radio Caos, seguido de Alfonso Fors de La Cuca, Kenny Avil\u00e9s la reina del rock, de Keny y Los El\u00e9ctricos, Gala de Villa, de Rostros Ocultos, Xava Drago, ex integrante de Coda y Jorge Guevara, exvocalista de Elefante; todos en su respectivo turno, interpretaron algunos sus mejores \u00e9xitos e incluyeron adem\u00e1s melod\u00edas de diversos artistas, que marcaron una \u00e9poca de la m\u00fasica en espa\u00f1ol, primordialmente en M\u00e9xico, desde Man\u00e1, Soda Est\u00e9reo, Alaska, Jaguares y varios m\u00e1s.<\/p>\n<p>El buen rock fue musicalizado con la guitarra del carism\u00e1tico C\u00e9sar L\u00f3pez, \u201cVampiro\u201d ex Man\u00e1 y actualmente en Jaguares; Mauricio Claver\u00eda, baterista de La Ley, Bola Domen\u00e9, baterista de La Lupita y Rostros Ocultos, David Chirino, bajista de La ley, y Gusano S\u00e1nchez, tecladista de Amantes de Lola.<\/p>\n<p>El p\u00fablico disfrut\u00f3 de un espect\u00e1culo diferente, cantaron y bailaron, pero sobre todo gozaron de las letras y el ritmo, que les ha acompa\u00f1ado en grandes momentos de su vida y expresaron cada vez que alguno de los artistas se los pidi\u00f3, su amor por el rock and rol y su gusto por lo que representan quienes esta noche estuvieron sobre el escenario.<\/p>\n<p>Y as\u00ed cantaron cada uno de los temas, acompa\u00f1aron con las palmas o siguiendo el coro improvisado por Kenny, con la frase repetida varias ocasiones al ritmo de rock, \u201cque bonita es la vida en Jerez\u201d o soltar un grito al reconocer la armon\u00eda de sus melod\u00edas favoritas.<\/p>\n<p>Un espect\u00e1culo con una duraci\u00f3n de m\u00e1s de dos horas, que consider\u00f3 intervenciones de tres o cuatro melod\u00edas cada uno; al final la selfie del recuerdo con toda la banda, incluido el equipo t\u00e9cnico y de fondo el p\u00fablico jerezano; luego la despedida por el grupo de artistas, con un cl\u00e1sico que la gente cant\u00f3 tambi\u00e9n con entusiasmo, M\u00fasica Ligera en recuerdo de Gustavo Cerati, el final con ADO, en homenaje del colectivo a Alex Lora y El Tri, concluyendo con el lamento Boliviano de Enanitos Verdes.<\/p>\n<p><a href=\"https:\/\/raicesjerezanas.com\/wp-content\/uploads\/2024\/04\/WhatsApp-Image-2024-04-08-at-11.30.31-AM.jpeg\"><img loading=\"lazy\" decoding=\"async\" class=\"alignnone size-full wp-image-23737\" src=\"https:\/\/raicesjerezanas.com\/wp-content\/uploads\/2024\/04\/WhatsApp-Image-2024-04-08-at-11.30.31-AM.jpeg\" alt=\"\" width=\"1600\" height=\"1066\" srcset=\"https:\/\/raicesjerezanas.com\/wp-content\/uploads\/2024\/04\/WhatsApp-Image-2024-04-08-at-11.30.31-AM.jpeg 1600w, https:\/\/raicesjerezanas.com\/wp-content\/uploads\/2024\/04\/WhatsApp-Image-2024-04-08-at-11.30.31-AM-300x200.jpeg 300w, https:\/\/raicesjerezanas.com\/wp-content\/uploads\/2024\/04\/WhatsApp-Image-2024-04-08-at-11.30.31-AM-1024x682.jpeg 1024w, https:\/\/raicesjerezanas.com\/wp-content\/uploads\/2024\/04\/WhatsApp-Image-2024-04-08-at-11.30.31-AM-768x512.jpeg 768w, https:\/\/raicesjerezanas.com\/wp-content\/uploads\/2024\/04\/WhatsApp-Image-2024-04-08-at-11.30.31-AM-1536x1023.jpeg 1536w\" sizes=\"auto, (max-width: 1600px) 100vw, 1600px\" \/><\/a><\/p>\n","protected":false},"excerpt":{"rendered":"<div class=\"mh-excerpt\"><p>El tour Lo Mejor del Rock en espa\u00f1ol fue el gran cierre del Foro Bicentenario de la Feria de Primavera, con la presentaci\u00f3n de hist\u00f3ricos <a class=\"mh-excerpt-more\" href=\"https:\/\/raicesjerezanas.com\/?p=23735\" title=\"CON BUEN ROCK EN ESPA\u00d1OL, CONCLUY\u00d3 ACTIVIDADES EL FORO CULTURAL EN LA FERIA DEL BICENTENARIO\">&#8230;<\/a><\/p>\n<\/div>","protected":false},"author":1,"featured_media":23736,"comment_status":"closed","ping_status":"closed","sticky":false,"template":"","format":"standard","meta":{"footnotes":""},"categories":[111,102],"tags":[],"class_list":["post-23735","post","type-post","status-publish","format-standard","has-post-thumbnail","hentry","category-feria-jerez","category-noticias-de-jerez"],"_links":{"self":[{"href":"https:\/\/raicesjerezanas.com\/index.php?rest_route=\/wp\/v2\/posts\/23735","targetHints":{"allow":["GET"]}}],"collection":[{"href":"https:\/\/raicesjerezanas.com\/index.php?rest_route=\/wp\/v2\/posts"}],"about":[{"href":"https:\/\/raicesjerezanas.com\/index.php?rest_route=\/wp\/v2\/types\/post"}],"author":[{"embeddable":true,"href":"https:\/\/raicesjerezanas.com\/index.php?rest_route=\/wp\/v2\/users\/1"}],"replies":[{"embeddable":true,"href":"https:\/\/raicesjerezanas.com\/index.php?rest_route=%2Fwp%2Fv2%2Fcomments&post=23735"}],"version-history":[{"count":0,"href":"https:\/\/raicesjerezanas.com\/index.php?rest_route=\/wp\/v2\/posts\/23735\/revisions"}],"wp:featuredmedia":[{"embeddable":true,"href":"https:\/\/raicesjerezanas.com\/index.php?rest_route=\/wp\/v2\/media\/23736"}],"wp:attachment":[{"href":"https:\/\/raicesjerezanas.com\/index.php?rest_route=%2Fwp%2Fv2%2Fmedia&parent=23735"}],"wp:term":[{"taxonomy":"category","embeddable":true,"href":"https:\/\/raicesjerezanas.com\/index.php?rest_route=%2Fwp%2Fv2%2Fcategories&post=23735"},{"taxonomy":"post_tag","embeddable":true,"href":"https:\/\/raicesjerezanas.com\/index.php?rest_route=%2Fwp%2Fv2%2Ftags&post=23735"}],"curies":[{"name":"wp","href":"https:\/\/api.w.org\/{rel}","templated":true}]}}