{"id":23741,"date":"2024-04-06T22:47:26","date_gmt":"2024-04-07T04:47:26","guid":{"rendered":"https:\/\/enconecte.com\/?p=23706"},"modified":"2024-04-06T22:47:26","modified_gmt":"2024-04-07T04:47:26","slug":"otra-noche-de-romanticismo-con-los-brios-en-el-foro-cultural-bicentenario","status":"publish","type":"post","link":"https:\/\/raicesjerezanas.com\/?p=23741","title":{"rendered":"OTRA NOCHE DE ROMANTICISMO CON LOS BR\u00cdOS EN EL FORO CULTURAL BICENTENARIO"},"content":{"rendered":"<p>Otra noche de evocador romanticismo se vivi\u00f3 en el Foro Cultural Bicentenario con la presentaci\u00f3n estelar del grupo Los Br\u00edos, quienes deleitaron a un selecto p\u00fablico con sus melod\u00edas m\u00e1s conocidas y recordadas.<\/p>\n<p>\u00abDe muchas cosas tengo miedo\u00bb fue el tema con el que iniciaron esta agradable audici\u00f3n musical. Los rom\u00e1nticos por excelencia disfrutaron de un ramillete de canciones que corearon al un\u00edsono con el grupo, compuesto por cinco integrantes, en un formato caracter\u00edstico de los a\u00f1os setenta, con guitarra, bajo, bater\u00eda, teclados y vocalista.<\/p>\n<p>Entre los cl\u00e1sicos interpretados se encontraron \u00abPorque est\u00e1s enamorada\u00bb, \u00abSilueta de Cristal\u00bb, \u00abMe Parece que me estoy enamorando\u00bb, \u00abChau Chau Mar\u00eda\u00bb y \u00abYo s\u00e9 que te acordar\u00e1s\u00bb. Adem\u00e1s, se incluyeron otros temas compuestos por su vocalista Javier de Jes\u00fas para otros artistas, como \u00abOlvidarte nunca\u00bb, grabado en su momento por el grupo Los Golpes; \u00abC\u00f3mo no voy a quererte\u00bb, popularizado hace d\u00e9cadas por Los Prado; y una creaci\u00f3n m\u00e1s reciente, \u00abQu\u00edtame esa Mujer\u00bb, que en voz de la cantante Pilar Montenegro se dio a conocer con su t\u00edtulo original, \u00abQu\u00edtame ese hombre\u00bb.<\/p>\n<p>Al repertorio de esta noche rom\u00e1ntica se sumaron algunas melod\u00edas que Los Br\u00edos han grabado recientemente y que ahora dan a conocer a trav\u00e9s de sus presentaciones en diversas partes de la rep\u00fablica.<\/p>\n<p>En nombre de la autoridad municipal y del comit\u00e9 de feria, la coordinaci\u00f3n de eventos culturales entreg\u00f3 un reconocimiento a Los Br\u00edos por su participaci\u00f3n. Previamente, el grupo jerezano Minuet ofreci\u00f3 una serie de canciones del recuerdo como pre\u00e1mbulo a la presentaci\u00f3n estelar.<\/p>\n<p><a href=\"https:\/\/raicesjerezanas.com\/wp-content\/uploads\/2024\/04\/WhatsApp-Image-2024-04-06-at-11.01.09-PM.jpeg\"><img loading=\"lazy\" decoding=\"async\" class=\"alignnone size-full wp-image-23707\" src=\"https:\/\/raicesjerezanas.com\/wp-content\/uploads\/2024\/04\/WhatsApp-Image-2024-04-06-at-11.01.09-PM.jpeg\" alt=\"\" width=\"1200\" height=\"800\" srcset=\"https:\/\/raicesjerezanas.com\/wp-content\/uploads\/2024\/04\/WhatsApp-Image-2024-04-06-at-11.01.09-PM.jpeg 1200w, https:\/\/raicesjerezanas.com\/wp-content\/uploads\/2024\/04\/WhatsApp-Image-2024-04-06-at-11.01.09-PM-300x200.jpeg 300w, https:\/\/raicesjerezanas.com\/wp-content\/uploads\/2024\/04\/WhatsApp-Image-2024-04-06-at-11.01.09-PM-1024x683.jpeg 1024w, https:\/\/raicesjerezanas.com\/wp-content\/uploads\/2024\/04\/WhatsApp-Image-2024-04-06-at-11.01.09-PM-768x512.jpeg 768w\" sizes=\"auto, (max-width: 1200px) 100vw, 1200px\" \/><\/a><\/p>\n","protected":false},"excerpt":{"rendered":"<div class=\"mh-excerpt\"><p>Otra noche de evocador romanticismo se vivi\u00f3 en el Foro Cultural Bicentenario con la presentaci\u00f3n estelar del grupo Los Br\u00edos, quienes deleitaron a un selecto <a class=\"mh-excerpt-more\" href=\"https:\/\/raicesjerezanas.com\/?p=23741\" title=\"OTRA NOCHE DE ROMANTICISMO CON LOS BR\u00cdOS EN EL FORO CULTURAL BICENTENARIO\">&#8230;<\/a><\/p>\n<\/div>","protected":false},"author":1,"featured_media":23708,"comment_status":"closed","ping_status":"closed","sticky":false,"template":"","format":"standard","meta":{"footnotes":""},"categories":[111,102],"tags":[],"class_list":["post-23741","post","type-post","status-publish","format-standard","has-post-thumbnail","hentry","category-feria-jerez","category-noticias-de-jerez"],"_links":{"self":[{"href":"https:\/\/raicesjerezanas.com\/index.php?rest_route=\/wp\/v2\/posts\/23741","targetHints":{"allow":["GET"]}}],"collection":[{"href":"https:\/\/raicesjerezanas.com\/index.php?rest_route=\/wp\/v2\/posts"}],"about":[{"href":"https:\/\/raicesjerezanas.com\/index.php?rest_route=\/wp\/v2\/types\/post"}],"author":[{"embeddable":true,"href":"https:\/\/raicesjerezanas.com\/index.php?rest_route=\/wp\/v2\/users\/1"}],"replies":[{"embeddable":true,"href":"https:\/\/raicesjerezanas.com\/index.php?rest_route=%2Fwp%2Fv2%2Fcomments&post=23741"}],"version-history":[{"count":0,"href":"https:\/\/raicesjerezanas.com\/index.php?rest_route=\/wp\/v2\/posts\/23741\/revisions"}],"wp:featuredmedia":[{"embeddable":true,"href":"https:\/\/raicesjerezanas.com\/index.php?rest_route=\/wp\/v2\/media\/23708"}],"wp:attachment":[{"href":"https:\/\/raicesjerezanas.com\/index.php?rest_route=%2Fwp%2Fv2%2Fmedia&parent=23741"}],"wp:term":[{"taxonomy":"category","embeddable":true,"href":"https:\/\/raicesjerezanas.com\/index.php?rest_route=%2Fwp%2Fv2%2Fcategories&post=23741"},{"taxonomy":"post_tag","embeddable":true,"href":"https:\/\/raicesjerezanas.com\/index.php?rest_route=%2Fwp%2Fv2%2Ftags&post=23741"}],"curies":[{"name":"wp","href":"https:\/\/api.w.org\/{rel}","templated":true}]}}