{"id":23761,"date":"2024-05-09T13:21:21","date_gmt":"2024-05-09T19:21:21","guid":{"rendered":"https:\/\/enconecte.com\/?p=23761"},"modified":"2024-05-09T13:21:21","modified_gmt":"2024-05-09T19:21:21","slug":"festejan-a-mamas-jerezanas-con-espectacular-concierto-de-mariachi-en-mancuerna-con-jose-julian","status":"publish","type":"post","link":"https:\/\/raicesjerezanas.com\/?p=23761","title":{"rendered":"FESTEJAN A MAM\u00c1S JEREZANAS CON ESPECTACULAR CONCIERTO DE MARIACHI EN MANCUERNA CON JOS\u00c9 JULI\u00c1N"},"content":{"rendered":"<p>Una tarde de alegr\u00eda y buen ambiente vivieron las madres jerezanas, con el concierto del cantante Jos\u00e9 Juli\u00e1n y el Mariachi Monumental de Jerez, organizado por el Ayuntamiento y el DIF Municipal para festejar por anticipado el 10 de mayo.<\/p>\n<p>El alcalde Jos\u00e9 Humberto Salazar Contreras, acompa\u00f1ado por la primera dama, Bertha Alicia Garc\u00eda Duarte, y la directora del DIF Jerez, Roc\u00edo Azucena Ibarra Bautista, resalt\u00f3 \u00e9l papel fundamental que tienen las madres en el hogar y en la sociedad al desempe\u00f1ar diversas responsabilidades.<\/p>\n<p>Por tal invit\u00f3 a todos a reconocer el valor de ellas cuid\u00e1ndolas, atendiendo sus necesidades de salud y afectivas, y a festejarlas en grande ya que expres\u00f3 \u00abson las reinas de la casa y siempre las llevamos en el coraz\u00f3n\u00bb.<\/p>\n<p>Frente al palacio municipal, se congregaron las madrecitas para disfrutar del cantante guanajuatense conocido como \u00abel consentido del pueblo\u00bb, quien se acompa\u00f1\u00f3 de una de las agrupaciones favoritas de la demarcaci\u00f3n, el Mariachi Monumental de Jerez.<\/p>\n<p>Una a una fueron coreadas y aplaudidas las canciones del int\u00e9rprete de regional mexicano, quien le dio un plus al espect\u00e1culo con su destacado carisma para dirigirse al p\u00fablico.<\/p>\n<p>Talentos locales como Melissa Sald\u00edvar, rifas de importantes regalos, aperitivos, y sobre todo un ambiente familiar, tambi\u00e9n formaron parte del evento que dej\u00f3 a las asistentes con un buen sabor de boca de cara al D\u00eda\u00a0de\u00a0las\u00a0Madres.<\/p>\n<p><a href=\"https:\/\/raicesjerezanas.com\/wp-content\/uploads\/2024\/05\/Imagen-de-WhatsApp-2024-05-09-a-las-12.31.32_8dc65c57.jpg\"><img loading=\"lazy\" decoding=\"async\" class=\"alignnone size-full wp-image-23764\" src=\"https:\/\/raicesjerezanas.com\/wp-content\/uploads\/2024\/05\/Imagen-de-WhatsApp-2024-05-09-a-las-12.31.32_8dc65c57.jpg\" alt=\"\" width=\"1280\" height=\"852\" srcset=\"https:\/\/raicesjerezanas.com\/wp-content\/uploads\/2024\/05\/Imagen-de-WhatsApp-2024-05-09-a-las-12.31.32_8dc65c57.jpg 1280w, https:\/\/raicesjerezanas.com\/wp-content\/uploads\/2024\/05\/Imagen-de-WhatsApp-2024-05-09-a-las-12.31.32_8dc65c57-300x200.jpg 300w, https:\/\/raicesjerezanas.com\/wp-content\/uploads\/2024\/05\/Imagen-de-WhatsApp-2024-05-09-a-las-12.31.32_8dc65c57-1024x682.jpg 1024w, https:\/\/raicesjerezanas.com\/wp-content\/uploads\/2024\/05\/Imagen-de-WhatsApp-2024-05-09-a-las-12.31.32_8dc65c57-768x511.jpg 768w\" sizes=\"auto, (max-width: 1280px) 100vw, 1280px\" \/><\/a> <a href=\"https:\/\/raicesjerezanas.com\/wp-content\/uploads\/2024\/05\/Imagen-de-WhatsApp-2024-05-09-a-las-12.31.37_808a2998.jpg\"><img loading=\"lazy\" decoding=\"async\" class=\"alignnone size-full wp-image-23763\" src=\"https:\/\/raicesjerezanas.com\/wp-content\/uploads\/2024\/05\/Imagen-de-WhatsApp-2024-05-09-a-las-12.31.37_808a2998.jpg\" alt=\"\" width=\"1280\" height=\"853\" srcset=\"https:\/\/raicesjerezanas.com\/wp-content\/uploads\/2024\/05\/Imagen-de-WhatsApp-2024-05-09-a-las-12.31.37_808a2998.jpg 1280w, https:\/\/raicesjerezanas.com\/wp-content\/uploads\/2024\/05\/Imagen-de-WhatsApp-2024-05-09-a-las-12.31.37_808a2998-300x200.jpg 300w, https:\/\/raicesjerezanas.com\/wp-content\/uploads\/2024\/05\/Imagen-de-WhatsApp-2024-05-09-a-las-12.31.37_808a2998-1024x682.jpg 1024w, https:\/\/raicesjerezanas.com\/wp-content\/uploads\/2024\/05\/Imagen-de-WhatsApp-2024-05-09-a-las-12.31.37_808a2998-768x512.jpg 768w\" sizes=\"auto, (max-width: 1280px) 100vw, 1280px\" \/><\/a><\/p>\n","protected":false},"excerpt":{"rendered":"<div class=\"mh-excerpt\"><p>Una tarde de alegr\u00eda y buen ambiente vivieron las madres jerezanas, con el concierto del cantante Jos\u00e9 Juli\u00e1n y el Mariachi Monumental de Jerez, organizado <a class=\"mh-excerpt-more\" href=\"https:\/\/raicesjerezanas.com\/?p=23761\" title=\"FESTEJAN A MAM\u00c1S JEREZANAS CON ESPECTACULAR CONCIERTO DE MARIACHI EN MANCUERNA CON JOS\u00c9 JULI\u00c1N\">&#8230;<\/a><\/p>\n<\/div>","protected":false},"author":1,"featured_media":23770,"comment_status":"closed","ping_status":"closed","sticky":false,"template":"","format":"standard","meta":{"footnotes":""},"categories":[102],"tags":[],"class_list":["post-23761","post","type-post","status-publish","format-standard","has-post-thumbnail","hentry","category-noticias-de-jerez"],"_links":{"self":[{"href":"https:\/\/raicesjerezanas.com\/index.php?rest_route=\/wp\/v2\/posts\/23761","targetHints":{"allow":["GET"]}}],"collection":[{"href":"https:\/\/raicesjerezanas.com\/index.php?rest_route=\/wp\/v2\/posts"}],"about":[{"href":"https:\/\/raicesjerezanas.com\/index.php?rest_route=\/wp\/v2\/types\/post"}],"author":[{"embeddable":true,"href":"https:\/\/raicesjerezanas.com\/index.php?rest_route=\/wp\/v2\/users\/1"}],"replies":[{"embeddable":true,"href":"https:\/\/raicesjerezanas.com\/index.php?rest_route=%2Fwp%2Fv2%2Fcomments&post=23761"}],"version-history":[{"count":0,"href":"https:\/\/raicesjerezanas.com\/index.php?rest_route=\/wp\/v2\/posts\/23761\/revisions"}],"wp:featuredmedia":[{"embeddable":true,"href":"https:\/\/raicesjerezanas.com\/index.php?rest_route=\/wp\/v2\/media\/23770"}],"wp:attachment":[{"href":"https:\/\/raicesjerezanas.com\/index.php?rest_route=%2Fwp%2Fv2%2Fmedia&parent=23761"}],"wp:term":[{"taxonomy":"category","embeddable":true,"href":"https:\/\/raicesjerezanas.com\/index.php?rest_route=%2Fwp%2Fv2%2Fcategories&post=23761"},{"taxonomy":"post_tag","embeddable":true,"href":"https:\/\/raicesjerezanas.com\/index.php?rest_route=%2Fwp%2Fv2%2Ftags&post=23761"}],"curies":[{"name":"wp","href":"https:\/\/api.w.org\/{rel}","templated":true}]}}