{"id":23787,"date":"2024-05-17T23:09:02","date_gmt":"2024-05-18T05:09:02","guid":{"rendered":"https:\/\/enconecte.com\/?p=23787"},"modified":"2024-05-17T23:09:02","modified_gmt":"2024-05-18T05:09:02","slug":"reconocen-el-buen-papel-del-equipo-rayaditos-union-jerez-en-torneo-nacional","status":"publish","type":"post","link":"https:\/\/raicesjerezanas.com\/?p=23787","title":{"rendered":"RECONOCEN EL BUEN PAPEL DEL EQUIPO RAYADITOS UNI\u00d3N JEREZ EN TORNEO NACIONAL"},"content":{"rendered":"<p>Integrantes del equipo de f\u00fatbol Rayaditos Uni\u00f3n Jerez recibieron el reconocimiento de las autoridades municipales tras su destacada participaci\u00f3n en la Copa de F\u00fatbol Mazatl\u00e1n, donde lograron el trofeo de subcampeones y contaron con el campe\u00f3n goleador de la categor\u00eda, Said Garc\u00eda Hern\u00e1ndez.<\/p>\n<p>Encabezados por el entrenador Jos\u00e9 Antonio Covarrubias y el presidente de la academia Rayaditos Uni\u00f3n Jerez, Manuel de Jes\u00fas Rodr\u00edguez, as\u00ed como madres de familia, el grupo de ni\u00f1os acudi\u00f3 ante la autoridad municipal para hablar de su buen desempe\u00f1o en el prestigioso evento, donde superaron diversas etapas frente a equipos como Nuevo Le\u00f3n, Diablos de Mazatl\u00e1n, Chivas, Pachuca, Mazatl\u00e1n FC, Pumas Quer\u00e9taro y Raptor\u2019s, llegando hasta la final.<\/p>\n<p>El grupo fue recibido por el alcalde, la presidenta honor\u00edfica del DIF y el coordinador municipal del Deporte, quienes entregaron reconocimientos por su buen resultado y por poner en alto el nombre de Jerez.<\/p>\n<p>\u00abUsted nos cumpli\u00f3 un sue\u00f1o maravilloso\u00bb, dijo emocionado el ni\u00f1o Mateo S\u00e1nchez al expresar su gratitud en nombre de sus compa\u00f1eros. Por su parte, el presidente de la academia se\u00f1al\u00f3 que el entrenamiento, la perseverancia y la constancia los han fortalecido, resaltando la importancia de disponer siempre de espacios suficientes para su preparaci\u00f3n continua.<\/p>\n<p>Jos\u00e9 Antonio Covarrubias afirm\u00f3 que es la segunda vez que reciben una buena respuesta a sus peticiones para este tipo de eventos. Meses atr\u00e1s, participaron en la Copa Monterrey, y en esta ocasi\u00f3n, ni\u00f1os que no ten\u00edan los recursos suficientes para asistir al torneo recibieron el respaldo de la autoridad.<\/p>\n<p>Uno de los logros m\u00e1s importantes fue que los menores que participaron en el prestigioso torneo nacional fueron observados por visores de primera divisi\u00f3n, quienes hicieron comentarios espec\u00edficos sobre algunos de ellos.<\/p>\n<p>Se entreg\u00f3 un reconocimiento especial al migrante jerezano Ismael Rodr\u00edguez, impulsor de la Academia de F\u00fatbol Rayaditos, quien ha abierto importantes puertas para visor\u00edas y relaciones con clubes\u00a0profesionales.<\/p>\n","protected":false},"excerpt":{"rendered":"<div class=\"mh-excerpt\"><p>Integrantes del equipo de f\u00fatbol Rayaditos Uni\u00f3n Jerez recibieron el reconocimiento de las autoridades municipales tras su destacada participaci\u00f3n en la Copa de F\u00fatbol Mazatl\u00e1n, <a class=\"mh-excerpt-more\" href=\"https:\/\/raicesjerezanas.com\/?p=23787\" title=\"RECONOCEN EL BUEN PAPEL DEL EQUIPO RAYADITOS UNI\u00d3N JEREZ EN TORNEO NACIONAL\">&#8230;<\/a><\/p>\n<\/div>","protected":false},"author":1,"featured_media":23788,"comment_status":"closed","ping_status":"closed","sticky":false,"template":"","format":"standard","meta":{"footnotes":""},"categories":[102],"tags":[],"class_list":["post-23787","post","type-post","status-publish","format-standard","has-post-thumbnail","hentry","category-noticias-de-jerez"],"_links":{"self":[{"href":"https:\/\/raicesjerezanas.com\/index.php?rest_route=\/wp\/v2\/posts\/23787","targetHints":{"allow":["GET"]}}],"collection":[{"href":"https:\/\/raicesjerezanas.com\/index.php?rest_route=\/wp\/v2\/posts"}],"about":[{"href":"https:\/\/raicesjerezanas.com\/index.php?rest_route=\/wp\/v2\/types\/post"}],"author":[{"embeddable":true,"href":"https:\/\/raicesjerezanas.com\/index.php?rest_route=\/wp\/v2\/users\/1"}],"replies":[{"embeddable":true,"href":"https:\/\/raicesjerezanas.com\/index.php?rest_route=%2Fwp%2Fv2%2Fcomments&post=23787"}],"version-history":[{"count":0,"href":"https:\/\/raicesjerezanas.com\/index.php?rest_route=\/wp\/v2\/posts\/23787\/revisions"}],"wp:featuredmedia":[{"embeddable":true,"href":"https:\/\/raicesjerezanas.com\/index.php?rest_route=\/wp\/v2\/media\/23788"}],"wp:attachment":[{"href":"https:\/\/raicesjerezanas.com\/index.php?rest_route=%2Fwp%2Fv2%2Fmedia&parent=23787"}],"wp:term":[{"taxonomy":"category","embeddable":true,"href":"https:\/\/raicesjerezanas.com\/index.php?rest_route=%2Fwp%2Fv2%2Fcategories&post=23787"},{"taxonomy":"post_tag","embeddable":true,"href":"https:\/\/raicesjerezanas.com\/index.php?rest_route=%2Fwp%2Fv2%2Ftags&post=23787"}],"curies":[{"name":"wp","href":"https:\/\/api.w.org\/{rel}","templated":true}]}}