{"id":23789,"date":"2024-05-17T23:11:41","date_gmt":"2024-05-18T05:11:41","guid":{"rendered":"https:\/\/enconecte.com\/?p=23789"},"modified":"2024-05-17T23:11:41","modified_gmt":"2024-05-18T05:11:41","slug":"autoridades-reconocen-el-compromiso-y-la-labor-del-magisterio-jerezano","status":"publish","type":"post","link":"https:\/\/raicesjerezanas.com\/?p=23789","title":{"rendered":"AUTORIDADES RECONOCEN EL COMPROMISO Y LA LABOR DEL MAGISTERIO JEREZANO"},"content":{"rendered":"<p>El Ayuntamiento de Jerez reconoci\u00f3 el compromiso y la noble labor de los docentes jerezanos en el marco de la celebraci\u00f3n conmemorativa por el D\u00eda del Maestro, organizada por el gobierno municipal. El alcalde Jos\u00e9 Humberto Salazar Contreras y la secretaria de Educaci\u00f3n del estado, Maricarmen Salinas Flores, encabezaron la entrega de reconocimientos a los maestros que cumplieron 30 y 40 a\u00f1os de servicio, tanto del sistema estatal como del federalizado.<\/p>\n<p>Por sus tres d\u00e9cadas en el aula, se distingui\u00f3 a Jos\u00e9 Mart\u00edn Becerra Sandoval, J. Guadalupe Casta\u00f1eda Llamas, Jes\u00fas Esparza Nava, Juan Enrique Garc\u00eda Gonz\u00e1lez, J. Cruz L\u00f3pez Ram\u00edrez, Ana Bertha L\u00f3pez Sonora, Luis Antonio Lugo Gocobachi, Mar\u00eda de Lourdes Luj\u00e1n Ju\u00e1rez, Silvia Guadalupe Pasillas Garc\u00eda, Ang\u00e9lica Mar\u00eda Reveles Ba\u00f1uelos, Jorge Rodarte Mart\u00ednez, V\u00edctor Hugo S\u00e1nchez Hern\u00e1ndez, Clara Mar\u00eda Villaneda Acu\u00f1a, Maura Evelia Anguiano Perales, Octavio Gonz\u00e1lez Casta\u00f1\u00f3n y Francisca M\u00e1rquez Garc\u00eda. Asimismo, se reconoci\u00f3 a Am\u00e9rica del Socorro Sandoval Fr\u00edas por 40 a\u00f1os de servicio.<\/p>\n<p>Ante 800 trabajadores de este importante gremio, el presidente reafirm\u00f3 la convicci\u00f3n del Ayuntamiento actual de que la educaci\u00f3n es la herramienta m\u00e1s poderosa de cambio social, y agradeci\u00f3 la colaboraci\u00f3n constante de este sector en la realizaci\u00f3n de proyectos que buscan mejorar las condiciones escolares de nuestro municipio.<\/p>\n<p><a href=\"https:\/\/raicesjerezanas.com\/wp-content\/uploads\/2024\/06\/Imagen-de-WhatsApp-2024-05-17-a-las-15.17.44_c694613c.jpg\"><img loading=\"lazy\" decoding=\"async\" class=\"alignnone size-full wp-image-23791\" src=\"https:\/\/raicesjerezanas.com\/wp-content\/uploads\/2024\/06\/Imagen-de-WhatsApp-2024-05-17-a-las-15.17.44_c694613c.jpg\" alt=\"\" width=\"1600\" height=\"1066\" srcset=\"https:\/\/raicesjerezanas.com\/wp-content\/uploads\/2024\/06\/Imagen-de-WhatsApp-2024-05-17-a-las-15.17.44_c694613c.jpg 1600w, https:\/\/raicesjerezanas.com\/wp-content\/uploads\/2024\/06\/Imagen-de-WhatsApp-2024-05-17-a-las-15.17.44_c694613c-300x200.jpg 300w, https:\/\/raicesjerezanas.com\/wp-content\/uploads\/2024\/06\/Imagen-de-WhatsApp-2024-05-17-a-las-15.17.44_c694613c-1024x682.jpg 1024w, https:\/\/raicesjerezanas.com\/wp-content\/uploads\/2024\/06\/Imagen-de-WhatsApp-2024-05-17-a-las-15.17.44_c694613c-768x512.jpg 768w, https:\/\/raicesjerezanas.com\/wp-content\/uploads\/2024\/06\/Imagen-de-WhatsApp-2024-05-17-a-las-15.17.44_c694613c-1536x1023.jpg 1536w\" sizes=\"auto, (max-width: 1600px) 100vw, 1600px\" \/><\/a><\/p>\n<p>Por su parte, la secretaria de Educaci\u00f3n agradeci\u00f3 la invitaci\u00f3n a convivir con los docentes jerezanos y afirm\u00f3 que estar\u00e1 al pendiente, en coordinaci\u00f3n con la Direcci\u00f3n Regional de Educaci\u00f3n estatal y federalizada, as\u00ed como con el departamento de educaci\u00f3n municipal, para atender las necesidades de las escuelas en materia de infraestructura. Tambi\u00e9n felicit\u00f3 al magisterio en su celebraci\u00f3n.<\/p>\n<p>De esta manera, los trabajadores de la educaci\u00f3n y sus familias disfrutaron de la fiesta organizada en su honor, que permiti\u00f3 la convivencia fraterna y el derroche de alegr\u00eda, adem\u00e1s de la posibilidad de obtener algunos de los presentes sorteados durante\u00a0la\u00a0celebraci\u00f3n.<\/p>\n","protected":false},"excerpt":{"rendered":"<div class=\"mh-excerpt\"><p>El Ayuntamiento de Jerez reconoci\u00f3 el compromiso y la noble labor de los docentes jerezanos en el marco de la celebraci\u00f3n conmemorativa por el D\u00eda <a class=\"mh-excerpt-more\" href=\"https:\/\/raicesjerezanas.com\/?p=23789\" title=\"AUTORIDADES RECONOCEN EL COMPROMISO Y LA LABOR DEL MAGISTERIO JEREZANO\">&#8230;<\/a><\/p>\n<\/div>","protected":false},"author":1,"featured_media":23790,"comment_status":"closed","ping_status":"closed","sticky":false,"template":"","format":"standard","meta":{"footnotes":""},"categories":[102],"tags":[],"class_list":["post-23789","post","type-post","status-publish","format-standard","has-post-thumbnail","hentry","category-noticias-de-jerez"],"_links":{"self":[{"href":"https:\/\/raicesjerezanas.com\/index.php?rest_route=\/wp\/v2\/posts\/23789","targetHints":{"allow":["GET"]}}],"collection":[{"href":"https:\/\/raicesjerezanas.com\/index.php?rest_route=\/wp\/v2\/posts"}],"about":[{"href":"https:\/\/raicesjerezanas.com\/index.php?rest_route=\/wp\/v2\/types\/post"}],"author":[{"embeddable":true,"href":"https:\/\/raicesjerezanas.com\/index.php?rest_route=\/wp\/v2\/users\/1"}],"replies":[{"embeddable":true,"href":"https:\/\/raicesjerezanas.com\/index.php?rest_route=%2Fwp%2Fv2%2Fcomments&post=23789"}],"version-history":[{"count":0,"href":"https:\/\/raicesjerezanas.com\/index.php?rest_route=\/wp\/v2\/posts\/23789\/revisions"}],"wp:featuredmedia":[{"embeddable":true,"href":"https:\/\/raicesjerezanas.com\/index.php?rest_route=\/wp\/v2\/media\/23790"}],"wp:attachment":[{"href":"https:\/\/raicesjerezanas.com\/index.php?rest_route=%2Fwp%2Fv2%2Fmedia&parent=23789"}],"wp:term":[{"taxonomy":"category","embeddable":true,"href":"https:\/\/raicesjerezanas.com\/index.php?rest_route=%2Fwp%2Fv2%2Fcategories&post=23789"},{"taxonomy":"post_tag","embeddable":true,"href":"https:\/\/raicesjerezanas.com\/index.php?rest_route=%2Fwp%2Fv2%2Ftags&post=23789"}],"curies":[{"name":"wp","href":"https:\/\/api.w.org\/{rel}","templated":true}]}}