{"id":23802,"date":"2024-05-02T13:28:21","date_gmt":"2024-05-02T19:28:21","guid":{"rendered":"https:\/\/enconecte.com\/?p=23771"},"modified":"2024-05-02T13:28:21","modified_gmt":"2024-05-02T19:28:21","slug":"festejan-en-jerez-el-dia-del-nino-con-espectacular-show-de-los-enanitos-toreros-de-aguascalientes","status":"publish","type":"post","link":"https:\/\/raicesjerezanas.com\/?p=23802","title":{"rendered":"FESTEJAN EN JEREZ EL D\u00cdA DEL NI\u00d1O CON ESPECTACULAR SHOW DE LOS ENANITOS TOREROS DE AGUASCALIENTES"},"content":{"rendered":"<p>Gran diversi\u00f3n vivieron los miles de peque\u00f1os que asistieron al espect\u00e1culo de los Internacionales Enanitos Toreros de Aguascalientes, organizado por el Ayuntamiento 2021-2024 a trav\u00e9s del DIF Jerez, para festejar el D\u00eda del Ni\u00f1o.<\/p>\n<p>El gobierno jerezano prepar\u00f3 por tercer a\u00f1o, un evento muy especial para festejar de una manera \u00fanica y divertida a los infantes, reconociendo el papel fundamental que representan en la sociedad como motores de los hogares y precursores de las futuras generaciones.<\/p>\n<p>El alcalde Jos\u00e9 Humberto Salazar Contreras, y la directora del DIF Jerez, Roc\u00edo Ibarra Bautista, presenciaron el espect\u00e1culo al que se dieron cita centenares de familias para disfrutar de los Enanitos Toreros de Aguascalientes, y de todas las sorpresas que les ofrecieron.<\/p>\n<p>Risas y aplausos se escucharon por toda la Plaza de Toros La Jerezana con los n\u00fameros c\u00f3micos, musicales y taurinos, de los reconocidos artistas hidroc\u00e1lidos con m\u00e1s de 35 a\u00f1os de trayectoria.<\/p>\n<p>Ellos brillaron con sus imitaciones de Dady Yankee, Gloria Trevi, Alejandra Guzm\u00e1n, Angela Aguilar, Christian Nodal, Pr\u00f3fugos del Anexo, entre otros famosos, adem\u00e1s de la participaci\u00f3n especial de los Mini Forcados y \u00abLa G\u00fcera\u00bb que caus\u00f3 furor en el lugar con sus intr\u00e9pidas intervenciones.<\/p>\n<p>El buen ambiente prevaleci\u00f3 bajo la conducci\u00f3n del animador Jorge Acosta, sin faltar los entretenidos concursos y juegos interactivos con el p\u00fablico, adem\u00e1s de regalos para todos los\u00a0ni\u00f1os\u00a0y\u00a0rifas.<\/p>\n<p><a href=\"https:\/\/raicesjerezanas.com\/wp-content\/uploads\/2024\/05\/Imagen-de-WhatsApp-2024-05-02-a-las-12.26.58_92f7e674.jpg\"><img loading=\"lazy\" decoding=\"async\" class=\"alignnone size-full wp-image-23773\" src=\"https:\/\/raicesjerezanas.com\/wp-content\/uploads\/2024\/05\/Imagen-de-WhatsApp-2024-05-02-a-las-12.26.58_92f7e674.jpg\" alt=\"\" width=\"1600\" height=\"1066\" \/><\/a><\/p>\n<p><a href=\"https:\/\/raicesjerezanas.com\/wp-content\/uploads\/2024\/05\/Imagen-de-WhatsApp-2024-05-02-a-las-12.26.56_5fac5ef9.jpg\"><img loading=\"lazy\" decoding=\"async\" class=\"alignnone size-full wp-image-23772\" src=\"https:\/\/raicesjerezanas.com\/wp-content\/uploads\/2024\/05\/Imagen-de-WhatsApp-2024-05-02-a-las-12.26.56_5fac5ef9.jpg\" alt=\"\" width=\"1200\" height=\"800\" \/><\/a><\/p>\n","protected":false},"excerpt":{"rendered":"<div class=\"mh-excerpt\"><p>Gran diversi\u00f3n vivieron los miles de peque\u00f1os que asistieron al espect\u00e1culo de los Internacionales Enanitos Toreros de Aguascalientes, organizado por el Ayuntamiento 2021-2024 a trav\u00e9s <a class=\"mh-excerpt-more\" href=\"https:\/\/raicesjerezanas.com\/?p=23802\" title=\"FESTEJAN EN JEREZ EL D\u00cdA DEL NI\u00d1O CON ESPECTACULAR SHOW DE LOS ENANITOS TOREROS DE AGUASCALIENTES\">&#8230;<\/a><\/p>\n<\/div>","protected":false},"author":1,"featured_media":23775,"comment_status":"closed","ping_status":"closed","sticky":false,"template":"","format":"standard","meta":{"footnotes":""},"categories":[102],"tags":[],"class_list":["post-23802","post","type-post","status-publish","format-standard","has-post-thumbnail","hentry","category-noticias-de-jerez"],"_links":{"self":[{"href":"https:\/\/raicesjerezanas.com\/index.php?rest_route=\/wp\/v2\/posts\/23802","targetHints":{"allow":["GET"]}}],"collection":[{"href":"https:\/\/raicesjerezanas.com\/index.php?rest_route=\/wp\/v2\/posts"}],"about":[{"href":"https:\/\/raicesjerezanas.com\/index.php?rest_route=\/wp\/v2\/types\/post"}],"author":[{"embeddable":true,"href":"https:\/\/raicesjerezanas.com\/index.php?rest_route=\/wp\/v2\/users\/1"}],"replies":[{"embeddable":true,"href":"https:\/\/raicesjerezanas.com\/index.php?rest_route=%2Fwp%2Fv2%2Fcomments&post=23802"}],"version-history":[{"count":0,"href":"https:\/\/raicesjerezanas.com\/index.php?rest_route=\/wp\/v2\/posts\/23802\/revisions"}],"wp:featuredmedia":[{"embeddable":true,"href":"https:\/\/raicesjerezanas.com\/index.php?rest_route=\/wp\/v2\/media\/23775"}],"wp:attachment":[{"href":"https:\/\/raicesjerezanas.com\/index.php?rest_route=%2Fwp%2Fv2%2Fmedia&parent=23802"}],"wp:term":[{"taxonomy":"category","embeddable":true,"href":"https:\/\/raicesjerezanas.com\/index.php?rest_route=%2Fwp%2Fv2%2Fcategories&post=23802"},{"taxonomy":"post_tag","embeddable":true,"href":"https:\/\/raicesjerezanas.com\/index.php?rest_route=%2Fwp%2Fv2%2Ftags&post=23802"}],"curies":[{"name":"wp","href":"https:\/\/api.w.org\/{rel}","templated":true}]}}