{"id":23810,"date":"2024-05-25T23:18:23","date_gmt":"2024-05-26T05:18:23","guid":{"rendered":"https:\/\/enconecte.com\/?p=23810"},"modified":"2024-05-25T23:18:23","modified_gmt":"2024-05-26T05:18:23","slug":"ricardo-cabrera-vazquez-recibe-la-xix-medalla-al-merito-musical-candelario-huizar","status":"publish","type":"post","link":"https:\/\/raicesjerezanas.com\/?p=23810","title":{"rendered":"RICARDO CABRERA V\u00c1ZQUEZ RECIBE LA XIX MEDALLA AL M\u00c9RITO MUSICAL CANDELARIO HU\u00cdZAR"},"content":{"rendered":"<p>El maestro jerezano Ricardo Cabrera V\u00e1zquez recibi\u00f3 la decimonovena Medalla al M\u00e9rito Musical, que otorga el Gobierno del Estado en el marco de las Jornadas Candelario Hu\u00edzar, organizadas por el Instituto Zacatecano de Cultura en coordinaci\u00f3n con el Ayuntamiento de Jerez.<\/p>\n<p>Con un emotivo mensaje, el galardonado agradeci\u00f3 a las autoridades de ambos niveles, as\u00ed como a su familia, compa\u00f1eros, alumnos y quienes han sido parte de sus proyectos en los \u00faltimos 35 a\u00f1os, de igual forma a sus abuelos que fomentaron el amor por el arte musical en \u00e9l.<\/p>\n<p>Integrantes del comit\u00e9 honor\u00edfico de selecci\u00f3n evaluaron la trayectoria y m\u00e9ritos de los nueve postulados, de entre los cuales seleccionaron a Ricardo Cabrera V\u00e1zquez, quien cuenta con la especialidad de ense\u00f1anza del espa\u00f1ol y es egresado del Conservatorio de las Rosas en Morelia, Michoac\u00e1n donde curs\u00f3 estudios musicales y de pedagog\u00eda de la ense\u00f1anza de la m\u00fasica, a trav\u00e9s de los a\u00f1os se form\u00f3 como director coral bajo la direcci\u00f3n de orquestas y coros nacionales de M\u00e9xico, as\u00ed mismo, en la constante capacitaci\u00f3n por medio de diplomados presenciales, en l\u00ednea, cursos de actualizaci\u00f3n y profesionalizaci\u00f3n.<\/p>\n<p><a href=\"https:\/\/raicesjerezanas.com\/wp-content\/uploads\/2024\/06\/Imagen-de-WhatsApp-2024-05-25-a-las-15.58.39_1dbaf21e.jpg\"><img loading=\"lazy\" decoding=\"async\" class=\"alignnone size-full wp-image-23812\" src=\"https:\/\/raicesjerezanas.com\/wp-content\/uploads\/2024\/06\/Imagen-de-WhatsApp-2024-05-25-a-las-15.58.39_1dbaf21e.jpg\" alt=\"\" width=\"1280\" height=\"853\" srcset=\"https:\/\/raicesjerezanas.com\/wp-content\/uploads\/2024\/06\/Imagen-de-WhatsApp-2024-05-25-a-las-15.58.39_1dbaf21e.jpg 1280w, https:\/\/raicesjerezanas.com\/wp-content\/uploads\/2024\/06\/Imagen-de-WhatsApp-2024-05-25-a-las-15.58.39_1dbaf21e-300x200.jpg 300w, https:\/\/raicesjerezanas.com\/wp-content\/uploads\/2024\/06\/Imagen-de-WhatsApp-2024-05-25-a-las-15.58.39_1dbaf21e-1024x682.jpg 1024w, https:\/\/raicesjerezanas.com\/wp-content\/uploads\/2024\/06\/Imagen-de-WhatsApp-2024-05-25-a-las-15.58.39_1dbaf21e-768x512.jpg 768w\" sizes=\"auto, (max-width: 1280px) 100vw, 1280px\" \/><\/a><\/p>\n<p>El pedagogo musical, docente y director coral, es el segundo jerezano en recibir la presea, antecedi\u00e9ndole el Maestro Kay P\u00e9rez en el a\u00f1o 2019. Este a\u00f1o fue electo por su destacada trayectoria y compromiso constante en la iniciaci\u00f3n musical, lo que marc\u00f3 la pauta para que un vasto n\u00famero j\u00f3venes jerezanos ingresaran al mundo art\u00edstico, siendo tambi\u00e9n docente de la Escuela de M\u00fasica Municipal y recientemente director del coro de voces blancas \u201cSue\u00f1os\u00a0e\u00a0Ilusiones\u201d.<\/p>\n","protected":false},"excerpt":{"rendered":"<div class=\"mh-excerpt\"><p>El maestro jerezano Ricardo Cabrera V\u00e1zquez recibi\u00f3 la decimonovena Medalla al M\u00e9rito Musical, que otorga el Gobierno del Estado en el marco de las Jornadas <a class=\"mh-excerpt-more\" href=\"https:\/\/raicesjerezanas.com\/?p=23810\" title=\"RICARDO CABRERA V\u00c1ZQUEZ RECIBE LA XIX MEDALLA AL M\u00c9RITO MUSICAL CANDELARIO HU\u00cdZAR\">&#8230;<\/a><\/p>\n<\/div>","protected":false},"author":1,"featured_media":23811,"comment_status":"closed","ping_status":"closed","sticky":false,"template":"","format":"standard","meta":{"footnotes":""},"categories":[102],"tags":[],"class_list":["post-23810","post","type-post","status-publish","format-standard","has-post-thumbnail","hentry","category-noticias-de-jerez"],"_links":{"self":[{"href":"https:\/\/raicesjerezanas.com\/index.php?rest_route=\/wp\/v2\/posts\/23810","targetHints":{"allow":["GET"]}}],"collection":[{"href":"https:\/\/raicesjerezanas.com\/index.php?rest_route=\/wp\/v2\/posts"}],"about":[{"href":"https:\/\/raicesjerezanas.com\/index.php?rest_route=\/wp\/v2\/types\/post"}],"author":[{"embeddable":true,"href":"https:\/\/raicesjerezanas.com\/index.php?rest_route=\/wp\/v2\/users\/1"}],"replies":[{"embeddable":true,"href":"https:\/\/raicesjerezanas.com\/index.php?rest_route=%2Fwp%2Fv2%2Fcomments&post=23810"}],"version-history":[{"count":0,"href":"https:\/\/raicesjerezanas.com\/index.php?rest_route=\/wp\/v2\/posts\/23810\/revisions"}],"wp:featuredmedia":[{"embeddable":true,"href":"https:\/\/raicesjerezanas.com\/index.php?rest_route=\/wp\/v2\/media\/23811"}],"wp:attachment":[{"href":"https:\/\/raicesjerezanas.com\/index.php?rest_route=%2Fwp%2Fv2%2Fmedia&parent=23810"}],"wp:term":[{"taxonomy":"category","embeddable":true,"href":"https:\/\/raicesjerezanas.com\/index.php?rest_route=%2Fwp%2Fv2%2Fcategories&post=23810"},{"taxonomy":"post_tag","embeddable":true,"href":"https:\/\/raicesjerezanas.com\/index.php?rest_route=%2Fwp%2Fv2%2Ftags&post=23810"}],"curies":[{"name":"wp","href":"https:\/\/api.w.org\/{rel}","templated":true}]}}