{"id":23813,"date":"2024-05-25T23:19:12","date_gmt":"2024-05-26T05:19:12","guid":{"rendered":"https:\/\/enconecte.com\/?p=23813"},"modified":"2024-05-25T23:19:12","modified_gmt":"2024-05-26T05:19:12","slug":"la-escuela-benito-juarez-fomenta-los-valores-familiares-a-traves-de-la-actividad-fisica-y-recreativa","status":"publish","type":"post","link":"https:\/\/raicesjerezanas.com\/?p=23813","title":{"rendered":"LA ESCUELA BENITO JU\u00c1REZ FOMENTA LOS VALORES FAMILIARES A TRAV\u00c9S DE LA ACTIVIDAD F\u00cdSICA Y RECREATIVA"},"content":{"rendered":"<p>Con el objetivo de promover desde la familia la uni\u00f3n, el respeto, la sana recreaci\u00f3n y la convivencia, alumnos, maestros, padres de familia y autoridades municipales llevaron a cabo la primera Carrera Caminata Familiar.<\/p>\n<p>El punto de encuentro fue la Plaza Tacuba, donde se congregaron ni\u00f1os de diversas edades, acompa\u00f1ados por miembros de su familia: padres y madres, hermanos, abuelos y otros. Incluso algunos llevaron tambi\u00e9n a sus mascotas. El recorrido se realiz\u00f3 de la manera que cada participante escogi\u00f3: a paso veloz, en caminata o en bicicleta. Previamente, se desarroll\u00f3 una activaci\u00f3n f\u00edsica mediante pasos de baile, dirigida por el instructor \u00d3scar Reza.<\/p>\n<p>La subdirectora Wendy Nathaly Escobar D\u00e1vila afirm\u00f3 que el objetivo de esta actividad es fomentar una convivencia sana y fortalecer los lazos entre la escuela y las familias que hacen fuerte a la instituci\u00f3n, para ser el gran plantel que es. Agradeci\u00f3 que siempre haya disposici\u00f3n para participar en las actividades y el apoyo incondicional en todo momento.<\/p>\n<p><a href=\"https:\/\/raicesjerezanas.com\/wp-content\/uploads\/2024\/06\/Imagen-de-WhatsApp-2024-05-25-a-las-18.39.02_25b3c0ba.jpg\"><img loading=\"lazy\" decoding=\"async\" class=\"alignnone size-full wp-image-23815\" src=\"https:\/\/raicesjerezanas.com\/wp-content\/uploads\/2024\/06\/Imagen-de-WhatsApp-2024-05-25-a-las-18.39.02_25b3c0ba.jpg\" alt=\"\" width=\"1600\" height=\"1066\" srcset=\"https:\/\/raicesjerezanas.com\/wp-content\/uploads\/2024\/06\/Imagen-de-WhatsApp-2024-05-25-a-las-18.39.02_25b3c0ba.jpg 1600w, https:\/\/raicesjerezanas.com\/wp-content\/uploads\/2024\/06\/Imagen-de-WhatsApp-2024-05-25-a-las-18.39.02_25b3c0ba-300x200.jpg 300w, https:\/\/raicesjerezanas.com\/wp-content\/uploads\/2024\/06\/Imagen-de-WhatsApp-2024-05-25-a-las-18.39.02_25b3c0ba-1024x682.jpg 1024w, https:\/\/raicesjerezanas.com\/wp-content\/uploads\/2024\/06\/Imagen-de-WhatsApp-2024-05-25-a-las-18.39.02_25b3c0ba-768x512.jpg 768w, https:\/\/raicesjerezanas.com\/wp-content\/uploads\/2024\/06\/Imagen-de-WhatsApp-2024-05-25-a-las-18.39.02_25b3c0ba-1536x1023.jpg 1536w\" sizes=\"auto, (max-width: 1600px) 100vw, 1600px\" \/><\/a><\/p>\n<p>La autoridad municipal felicit\u00f3 a la escuela por la iniciativa y destac\u00f3 que el ambiente familiar y la buena convivencia son la forma de tener una sociedad f\u00edsica y mentalmente preparada. Posteriormente, dio la salida a los participantes y acompa\u00f1\u00f3 el recorrido hasta la alameda, donde se llev\u00f3 a cabo un protocolo de entrega de medallas a los participantes, por parte de los\u00a0organizadores.<\/p>\n","protected":false},"excerpt":{"rendered":"<div class=\"mh-excerpt\"><p>Con el objetivo de promover desde la familia la uni\u00f3n, el respeto, la sana recreaci\u00f3n y la convivencia, alumnos, maestros, padres de familia y autoridades <a class=\"mh-excerpt-more\" href=\"https:\/\/raicesjerezanas.com\/?p=23813\" title=\"LA ESCUELA BENITO JU\u00c1REZ FOMENTA LOS VALORES FAMILIARES A TRAV\u00c9S DE LA ACTIVIDAD F\u00cdSICA Y RECREATIVA\">&#8230;<\/a><\/p>\n<\/div>","protected":false},"author":1,"featured_media":23814,"comment_status":"closed","ping_status":"closed","sticky":false,"template":"","format":"standard","meta":{"footnotes":""},"categories":[102],"tags":[],"class_list":["post-23813","post","type-post","status-publish","format-standard","has-post-thumbnail","hentry","category-noticias-de-jerez"],"_links":{"self":[{"href":"https:\/\/raicesjerezanas.com\/index.php?rest_route=\/wp\/v2\/posts\/23813","targetHints":{"allow":["GET"]}}],"collection":[{"href":"https:\/\/raicesjerezanas.com\/index.php?rest_route=\/wp\/v2\/posts"}],"about":[{"href":"https:\/\/raicesjerezanas.com\/index.php?rest_route=\/wp\/v2\/types\/post"}],"author":[{"embeddable":true,"href":"https:\/\/raicesjerezanas.com\/index.php?rest_route=\/wp\/v2\/users\/1"}],"replies":[{"embeddable":true,"href":"https:\/\/raicesjerezanas.com\/index.php?rest_route=%2Fwp%2Fv2%2Fcomments&post=23813"}],"version-history":[{"count":0,"href":"https:\/\/raicesjerezanas.com\/index.php?rest_route=\/wp\/v2\/posts\/23813\/revisions"}],"wp:featuredmedia":[{"embeddable":true,"href":"https:\/\/raicesjerezanas.com\/index.php?rest_route=\/wp\/v2\/media\/23814"}],"wp:attachment":[{"href":"https:\/\/raicesjerezanas.com\/index.php?rest_route=%2Fwp%2Fv2%2Fmedia&parent=23813"}],"wp:term":[{"taxonomy":"category","embeddable":true,"href":"https:\/\/raicesjerezanas.com\/index.php?rest_route=%2Fwp%2Fv2%2Fcategories&post=23813"},{"taxonomy":"post_tag","embeddable":true,"href":"https:\/\/raicesjerezanas.com\/index.php?rest_route=%2Fwp%2Fv2%2Ftags&post=23813"}],"curies":[{"name":"wp","href":"https:\/\/api.w.org\/{rel}","templated":true}]}}