{"id":23816,"date":"2024-05-22T23:15:48","date_gmt":"2024-05-23T05:15:48","guid":{"rendered":"https:\/\/enconecte.com\/?p=23801"},"modified":"2024-05-22T23:15:48","modified_gmt":"2024-05-23T05:15:48","slug":"autoridades-coronan-a-reyes-estudiantiles-del-tecnologico-de-jerez","status":"publish","type":"post","link":"https:\/\/raicesjerezanas.com\/?p=23816","title":{"rendered":"AUTORIDADES CORONAN A REYES ESTUDIANTILES DEL TECNOL\u00d3GICO DE JEREZ"},"content":{"rendered":"<p>Se llev\u00f3 a cabo la elecci\u00f3n y coronaci\u00f3n de Alicia I y Fernando como reyes estudiantiles del ciclo 2024, quienes representar\u00e1n a la comunidad estudiantil del Instituto Tecnol\u00f3gico Superior de Jerez (ITSJ) en diversos eventos dentro y fuera del plantel.<\/p>\n<p>En el proceso de elecci\u00f3n participaron Alicia Eunice Hern\u00e1ndez Gonz\u00e1lez y Jes\u00fas Fernando Miranda Ramos del equipo rosa, Mariana Calder\u00f3n Reveles y Juli\u00e1n Alejandro \u00c1vila M\u00e1rquez del equipo verde, Azeneth \u00c1lvarez Robles y Jos\u00e9 de Jes\u00fas Arellano Mu\u00f1oz del equipo rojo, as\u00ed como Arely Janeth Botello Reveles y Carlos Jes\u00fas Murillo de la Cruz, representando al equipo azul.<\/p>\n<p>Luego de presentarse ante la comunidad estudiantil, las parejas de participantes accedieron a conocer los resultados, en los cuales resultaron ganadores Alicia Eunice y Jes\u00fas Fernando, quienes son alumnos del programa semiescolarizado de la Licenciatura en Educaci\u00f3n.<\/p>\n<p>Enmarcado en las actividades de la D\u00e9cima Semana Tecnol\u00f3gica, Acad\u00e9mica, Cultural y Deportiva, se organiz\u00f3 el evento teniendo como escenario el teatro Hinojosa. Se cont\u00f3 con invitados especiales como Humberto Salazar Contreras, Bertha Alicia Garc\u00eda Duarte y el Director Juan Antonio Rangel Trujillo, quienes colocaron la corona y banda a los ganadores.<\/p>\n<p><a href=\"https:\/\/raicesjerezanas.com\/wp-content\/uploads\/2024\/06\/Imagen-de-WhatsApp-2024-05-22-a-las-14.05.30_f92f5d21.jpg\"><img loading=\"lazy\" decoding=\"async\" class=\"alignnone size-full wp-image-23802\" src=\"https:\/\/raicesjerezanas.com\/wp-content\/uploads\/2024\/06\/Imagen-de-WhatsApp-2024-05-22-a-las-14.05.30_f92f5d21.jpg\" alt=\"\" width=\"1600\" height=\"1066\" \/><\/a><\/p>\n<p>En el evento, con lleno total, se aprovech\u00f3 para tomar protesta a la nueva sociedad de alumnos, denominada \u00abTecno L\u00edderes\u00bb, previo al momento emotivo en el que se mostraron los resultados. Las autoridades dieron paso a la coronaci\u00f3n de la reina y el rey estudiantiles\u00a0del\u00a0ITSJ.<\/p>\n","protected":false},"excerpt":{"rendered":"<div class=\"mh-excerpt\"><p>Se llev\u00f3 a cabo la elecci\u00f3n y coronaci\u00f3n de Alicia I y Fernando como reyes estudiantiles del ciclo 2024, quienes representar\u00e1n a la comunidad estudiantil <a class=\"mh-excerpt-more\" href=\"https:\/\/raicesjerezanas.com\/?p=23816\" title=\"AUTORIDADES CORONAN A REYES ESTUDIANTILES DEL TECNOL\u00d3GICO DE JEREZ\">&#8230;<\/a><\/p>\n<\/div>","protected":false},"author":1,"featured_media":23805,"comment_status":"closed","ping_status":"closed","sticky":false,"template":"","format":"standard","meta":{"footnotes":""},"categories":[102],"tags":[],"class_list":["post-23816","post","type-post","status-publish","format-standard","has-post-thumbnail","hentry","category-noticias-de-jerez"],"_links":{"self":[{"href":"https:\/\/raicesjerezanas.com\/index.php?rest_route=\/wp\/v2\/posts\/23816","targetHints":{"allow":["GET"]}}],"collection":[{"href":"https:\/\/raicesjerezanas.com\/index.php?rest_route=\/wp\/v2\/posts"}],"about":[{"href":"https:\/\/raicesjerezanas.com\/index.php?rest_route=\/wp\/v2\/types\/post"}],"author":[{"embeddable":true,"href":"https:\/\/raicesjerezanas.com\/index.php?rest_route=\/wp\/v2\/users\/1"}],"replies":[{"embeddable":true,"href":"https:\/\/raicesjerezanas.com\/index.php?rest_route=%2Fwp%2Fv2%2Fcomments&post=23816"}],"version-history":[{"count":0,"href":"https:\/\/raicesjerezanas.com\/index.php?rest_route=\/wp\/v2\/posts\/23816\/revisions"}],"wp:featuredmedia":[{"embeddable":true,"href":"https:\/\/raicesjerezanas.com\/index.php?rest_route=\/wp\/v2\/media\/23805"}],"wp:attachment":[{"href":"https:\/\/raicesjerezanas.com\/index.php?rest_route=%2Fwp%2Fv2%2Fmedia&parent=23816"}],"wp:term":[{"taxonomy":"category","embeddable":true,"href":"https:\/\/raicesjerezanas.com\/index.php?rest_route=%2Fwp%2Fv2%2Fcategories&post=23816"},{"taxonomy":"post_tag","embeddable":true,"href":"https:\/\/raicesjerezanas.com\/index.php?rest_route=%2Fwp%2Fv2%2Ftags&post=23816"}],"curies":[{"name":"wp","href":"https:\/\/api.w.org\/{rel}","templated":true}]}}