{"id":23817,"date":"2024-05-23T23:16:51","date_gmt":"2024-05-24T05:16:51","guid":{"rendered":"https:\/\/enconecte.com\/?p=23804"},"modified":"2024-05-23T23:16:51","modified_gmt":"2024-05-24T05:16:51","slug":"reconocen-la-trayectoria-docente-directiva-y-como-supervisora-de-la-maestra-herminia-garcia-felix","status":"publish","type":"post","link":"https:\/\/raicesjerezanas.com\/?p=23817","title":{"rendered":"RECONOCEN LA TRAYECTORIA DOCENTE, DIRECTIVA Y COMO SUPERVISORA DE LA MAESTRA HERMINIA GARC\u00cdA F\u00c9LIX"},"content":{"rendered":"<p>Autoridades municipales, educativas y sindicales, exalumnos, maestros y la comunidad en general rindieron homenaje a la trayectoria de la docente Herminia Garc\u00eda F\u00e9lix. Esta iniciativa provino de un grupo de jerezanos que fueron sus alumnos a finales de la d\u00e9cada de los setentas, en la escuela Primaria Candelario Hu\u00edzar, como una muestra de gratitud y reconocimiento.<\/p>\n<p>En presencia de los integrantes de su familia, hermanos, sobrinos y sobrinas, as\u00ed como de sus compa\u00f1eras con las que comparti\u00f3 labores en la instituci\u00f3n, la maestra Herminia extern\u00f3 su agradecimiento a quienes participaron en este homenaje, en el cual se destac\u00f3 su labor frente al aula, su trabajo como directora y como supervisora escolar.<\/p>\n<p>Expres\u00f3 su satisfacci\u00f3n al saber que, despu\u00e9s de a\u00f1os de haberse retirado, ha tocado tantos corazones de amigos, amigas, excompa\u00f1eras, exalumnos y padres de familia, quienes tuvieron a bien ofrecerle este homenaje. Agreg\u00f3 que esto demuestra que la semilla que fue sembrando ha rendido frutos con creces, ya que muchos han tenido un desarrollo profesional, personal y humano.<\/p>\n<p>Adem\u00e1s, se present\u00f3 una rese\u00f1a hist\u00f3rica desde su nacimiento en la comunidad de Los R\u00edos, sus primeros estudios y el tener que dejar el hogar familiar para trasladarse a la cabecera municipal, con el objeto de seguir su preparaci\u00f3n acad\u00e9mica en el nivel b\u00e1sico y m\u00e1s tarde en el Centro de Capacitaci\u00f3n del Magisterio, obteniendo posteriormente la licenciatura.<\/p>\n<p><a href=\"https:\/\/raicesjerezanas.com\/wp-content\/uploads\/2024\/06\/Imagen-de-WhatsApp-2024-05-23-a-las-16.12.17_0c1b8972.jpg\"><img loading=\"lazy\" decoding=\"async\" class=\"alignnone size-full wp-image-23805\" src=\"https:\/\/raicesjerezanas.com\/wp-content\/uploads\/2024\/06\/Imagen-de-WhatsApp-2024-05-23-a-las-16.12.17_0c1b8972.jpg\" alt=\"\" width=\"1280\" height=\"853\" \/><\/a><\/p>\n<p>Igualmente, se destac\u00f3 su labor frente al aula, que inici\u00f3 el 1 de septiembre de 1958, en su \u00fanica escuela, la Candelario Hu\u00edzar. Luego de 30 a\u00f1os, en 1994, se convirti\u00f3 en supervisora, concluyendo su tarea en favor de la educaci\u00f3n en el a\u00f1o 2005, despu\u00e9s de 47 a\u00f1os de servicio. De gran emotividad result\u00f3 la proyecci\u00f3n de fotograf\u00edas del recuerdo, donde se mostr\u00f3 parte de su historia en la instituci\u00f3n.<\/p>\n<p>Olga \u00c1lvarez Rojas, Miguel \u00c1ngel Rom\u00e1n de la Cruz, Marina Esquivel Rosales y Alfredo Berm\u00fadez Mej\u00eda, integrantes de la generaci\u00f3n 1973-1979, prepararon la celebraci\u00f3n desde hace algunas semanas e hicieron extensiva la invitaci\u00f3n al Ayuntamiento Municipal, la direcci\u00f3n regional de educaci\u00f3n y la secci\u00f3n 58 del Sindicato Nacional de Trabajadores de la Educaci\u00f3n (SNTE), quienes entregaron su respectivo reconocimiento a\u00a0la\u00a0homenajeada.<\/p>\n","protected":false},"excerpt":{"rendered":"<div class=\"mh-excerpt\"><p>Autoridades municipales, educativas y sindicales, exalumnos, maestros y la comunidad en general rindieron homenaje a la trayectoria de la docente Herminia Garc\u00eda F\u00e9lix. Esta iniciativa <a class=\"mh-excerpt-more\" href=\"https:\/\/raicesjerezanas.com\/?p=23817\" title=\"RECONOCEN LA TRAYECTORIA DOCENTE, DIRECTIVA Y COMO SUPERVISORA DE LA MAESTRA HERMINIA GARC\u00cdA F\u00c9LIX\">&#8230;<\/a><\/p>\n<\/div>","protected":false},"author":1,"featured_media":23807,"comment_status":"closed","ping_status":"closed","sticky":false,"template":"","format":"standard","meta":{"footnotes":""},"categories":[102],"tags":[],"class_list":["post-23817","post","type-post","status-publish","format-standard","has-post-thumbnail","hentry","category-noticias-de-jerez"],"_links":{"self":[{"href":"https:\/\/raicesjerezanas.com\/index.php?rest_route=\/wp\/v2\/posts\/23817","targetHints":{"allow":["GET"]}}],"collection":[{"href":"https:\/\/raicesjerezanas.com\/index.php?rest_route=\/wp\/v2\/posts"}],"about":[{"href":"https:\/\/raicesjerezanas.com\/index.php?rest_route=\/wp\/v2\/types\/post"}],"author":[{"embeddable":true,"href":"https:\/\/raicesjerezanas.com\/index.php?rest_route=\/wp\/v2\/users\/1"}],"replies":[{"embeddable":true,"href":"https:\/\/raicesjerezanas.com\/index.php?rest_route=%2Fwp%2Fv2%2Fcomments&post=23817"}],"version-history":[{"count":0,"href":"https:\/\/raicesjerezanas.com\/index.php?rest_route=\/wp\/v2\/posts\/23817\/revisions"}],"wp:featuredmedia":[{"embeddable":true,"href":"https:\/\/raicesjerezanas.com\/index.php?rest_route=\/wp\/v2\/media\/23807"}],"wp:attachment":[{"href":"https:\/\/raicesjerezanas.com\/index.php?rest_route=%2Fwp%2Fv2%2Fmedia&parent=23817"}],"wp:term":[{"taxonomy":"category","embeddable":true,"href":"https:\/\/raicesjerezanas.com\/index.php?rest_route=%2Fwp%2Fv2%2Fcategories&post=23817"},{"taxonomy":"post_tag","embeddable":true,"href":"https:\/\/raicesjerezanas.com\/index.php?rest_route=%2Fwp%2Fv2%2Ftags&post=23817"}],"curies":[{"name":"wp","href":"https:\/\/api.w.org\/{rel}","templated":true}]}}