{"id":23818,"date":"2024-05-25T23:17:34","date_gmt":"2024-05-26T05:17:34","guid":{"rendered":"https:\/\/enconecte.com\/?p=23807"},"modified":"2024-05-25T23:17:34","modified_gmt":"2024-05-26T05:17:34","slug":"reconocen-autoridades-jerezanas-a-la-campeona-internacional-america-joana-sanchez","status":"publish","type":"post","link":"https:\/\/raicesjerezanas.com\/?p=23818","title":{"rendered":"RECONOCEN AUTORIDADES JEREZANAS A LA CAMPEONA INTERNACIONAL AM\u00c9RICA JOANA S\u00c1NCHEZ"},"content":{"rendered":"<p>La autoridad municipal reconoci\u00f3 el desempe\u00f1o de la atleta jerezana, Am\u00e9rica Johana S\u00e1nchez Escobedo, quien obtuvo el Campeonato Mundial de Boxeo Chino en Atenas, Grecia, en la categor\u00eda de 14 a\u00f1os.<\/p>\n<p>El alcalde Jos\u00e9 Humberto Salazar Contreras recibi\u00f3 en su despacho a la deportista ejemplar, que es un orgullo para su familia, su municipio, su estado y su pa\u00eds, por lo que felicit\u00f3 el esfuerzo que realizan sus padres, quienes adem\u00e1s son sus instructores en esta disciplina.<\/p>\n<p>La joven estuvo acompa\u00f1ada de su madre, la tambi\u00e9n deportista Leslie Escobedo, quien agradeci\u00f3 el respaldo del municipio, para hacer posible la participaci\u00f3n de su hija en esta justa deportiva.<\/p>\n<p>Am\u00e9rica Johana practica las artes marciales desde los cuatro a\u00f1os de edad, en la escuela de Kung Fu, Manos de Drag\u00f3n, que dirige su padre Juan Francisco S\u00e1nchez y a sus 14 a\u00f1os, ha cumplido un sue\u00f1o personal, al participar en un evento de esta naturaleza, con car\u00e1cter internacional y subir a lo m\u00e1s alto del p\u00f3dium, luego de enfrentar a competidoras de diversas nacionalidades, incluyendo a la del pa\u00eds anfitri\u00f3n y en la final a una\u00a0joven\u00a0italiana.<\/p>\n<p><a href=\"https:\/\/raicesjerezanas.com\/wp-content\/uploads\/2024\/06\/Imagen-de-WhatsApp-2024-05-25-a-las-14.25.44_82b4a0e3.jpg\"><img loading=\"lazy\" decoding=\"async\" class=\"alignnone size-full wp-image-23809\" src=\"https:\/\/raicesjerezanas.com\/wp-content\/uploads\/2024\/06\/Imagen-de-WhatsApp-2024-05-25-a-las-14.25.44_82b4a0e3.jpg\" alt=\"\" width=\"1599\" height=\"1066\" srcset=\"https:\/\/raicesjerezanas.com\/wp-content\/uploads\/2024\/06\/Imagen-de-WhatsApp-2024-05-25-a-las-14.25.44_82b4a0e3.jpg 1599w, https:\/\/raicesjerezanas.com\/wp-content\/uploads\/2024\/06\/Imagen-de-WhatsApp-2024-05-25-a-las-14.25.44_82b4a0e3-300x200.jpg 300w, https:\/\/raicesjerezanas.com\/wp-content\/uploads\/2024\/06\/Imagen-de-WhatsApp-2024-05-25-a-las-14.25.44_82b4a0e3-1024x683.jpg 1024w, https:\/\/raicesjerezanas.com\/wp-content\/uploads\/2024\/06\/Imagen-de-WhatsApp-2024-05-25-a-las-14.25.44_82b4a0e3-768x512.jpg 768w, https:\/\/raicesjerezanas.com\/wp-content\/uploads\/2024\/06\/Imagen-de-WhatsApp-2024-05-25-a-las-14.25.44_82b4a0e3-1536x1024.jpg 1536w\" sizes=\"auto, (max-width: 1599px) 100vw, 1599px\" \/><\/a><\/p>\n","protected":false},"excerpt":{"rendered":"<div class=\"mh-excerpt\"><p>La autoridad municipal reconoci\u00f3 el desempe\u00f1o de la atleta jerezana, Am\u00e9rica Johana S\u00e1nchez Escobedo, quien obtuvo el Campeonato Mundial de Boxeo Chino en Atenas, Grecia, <a class=\"mh-excerpt-more\" href=\"https:\/\/raicesjerezanas.com\/?p=23818\" title=\"RECONOCEN AUTORIDADES JEREZANAS A LA CAMPEONA INTERNACIONAL AM\u00c9RICA JOANA S\u00c1NCHEZ\">&#8230;<\/a><\/p>\n<\/div>","protected":false},"author":1,"featured_media":23808,"comment_status":"closed","ping_status":"closed","sticky":false,"template":"","format":"standard","meta":{"footnotes":""},"categories":[102],"tags":[],"class_list":["post-23818","post","type-post","status-publish","format-standard","has-post-thumbnail","hentry","category-noticias-de-jerez"],"_links":{"self":[{"href":"https:\/\/raicesjerezanas.com\/index.php?rest_route=\/wp\/v2\/posts\/23818","targetHints":{"allow":["GET"]}}],"collection":[{"href":"https:\/\/raicesjerezanas.com\/index.php?rest_route=\/wp\/v2\/posts"}],"about":[{"href":"https:\/\/raicesjerezanas.com\/index.php?rest_route=\/wp\/v2\/types\/post"}],"author":[{"embeddable":true,"href":"https:\/\/raicesjerezanas.com\/index.php?rest_route=\/wp\/v2\/users\/1"}],"replies":[{"embeddable":true,"href":"https:\/\/raicesjerezanas.com\/index.php?rest_route=%2Fwp%2Fv2%2Fcomments&post=23818"}],"version-history":[{"count":0,"href":"https:\/\/raicesjerezanas.com\/index.php?rest_route=\/wp\/v2\/posts\/23818\/revisions"}],"wp:featuredmedia":[{"embeddable":true,"href":"https:\/\/raicesjerezanas.com\/index.php?rest_route=\/wp\/v2\/media\/23808"}],"wp:attachment":[{"href":"https:\/\/raicesjerezanas.com\/index.php?rest_route=%2Fwp%2Fv2%2Fmedia&parent=23818"}],"wp:term":[{"taxonomy":"category","embeddable":true,"href":"https:\/\/raicesjerezanas.com\/index.php?rest_route=%2Fwp%2Fv2%2Fcategories&post=23818"},{"taxonomy":"post_tag","embeddable":true,"href":"https:\/\/raicesjerezanas.com\/index.php?rest_route=%2Fwp%2Fv2%2Ftags&post=23818"}],"curies":[{"name":"wp","href":"https:\/\/api.w.org\/{rel}","templated":true}]}}