{"id":23916,"date":"2024-06-11T23:23:51","date_gmt":"2024-06-12T05:23:51","guid":{"rendered":"https:\/\/enconecte.com\/?p=23822"},"modified":"2024-06-11T23:23:51","modified_gmt":"2024-06-12T05:23:51","slug":"superviso-el-doctor-salazar-avances-en-la-construccion-del-area-recreativa-en-fraccionamiento-loma-blanca","status":"publish","type":"post","link":"https:\/\/raicesjerezanas.com\/?p=23916","title":{"rendered":"SUPERVIS\u00d3 EL DOCTOR SALAZAR AVANCES EN LA CONSTRUCCI\u00d3N DEL \u00c1REA RECREATIVA EN FRACCIONAMIENTO LOMA BLANCA"},"content":{"rendered":"<p>El doctor Jos\u00e9 Humberto Salazar Contreras supervis\u00f3 la construcci\u00f3n del \u00e1rea de recreaci\u00f3n que el gobierno municipal est\u00e1 desarrollando en el fraccionamiento Loma Blanca de esta ciudad. Se pretende contar con un centro de convivencia para las familias y promover un mejor desarrollo deportivo de ni\u00f1os y j\u00f3venes.<\/p>\n<p>El proyecto incluye la construcci\u00f3n de una cancha de usos m\u00faltiples, la instalaci\u00f3n de juegos infantiles, asadores y palapas, adem\u00e1s de la guarnici\u00f3n de mamposter\u00eda que delimita el nuevo parque. Este terreno, que anteriormente se encontraba sin utilidad, se transformar\u00e1 en una importante \u00e1rea verde.<\/p>\n<p>Durante el recorrido, en el que estuvo acompa\u00f1ado por un grupo de colaboradores de la administraci\u00f3n, el alcalde destac\u00f3 la importancia de que las familias dispongan de este tipo de \u00e1reas, las cuales permiten impulsar el rescate de valores en la sociedad. Por ello, el gobierno que encabeza ha optado por priorizar el deporte y la educaci\u00f3n, as\u00ed como el rescate de espacios p\u00fablicos y la creaci\u00f3n de\u00a0otros\u00a0nuevos.<\/p>\n<p><a href=\"https:\/\/raicesjerezanas.com\/wp-content\/uploads\/2024\/06\/Imagen-de-WhatsApp-2024-06-11-a-las-13.34.41_f4eafa0b.jpg\"><img loading=\"lazy\" decoding=\"async\" class=\"alignnone size-full wp-image-23823\" src=\"https:\/\/raicesjerezanas.com\/wp-content\/uploads\/2024\/06\/Imagen-de-WhatsApp-2024-06-11-a-las-13.34.41_f4eafa0b.jpg\" alt=\"\" width=\"1280\" height=\"853\" \/><\/a><\/p>\n","protected":false},"excerpt":{"rendered":"<div class=\"mh-excerpt\"><p>El doctor Jos\u00e9 Humberto Salazar Contreras supervis\u00f3 la construcci\u00f3n del \u00e1rea de recreaci\u00f3n que el gobierno municipal est\u00e1 desarrollando en el fraccionamiento Loma Blanca de <a class=\"mh-excerpt-more\" href=\"https:\/\/raicesjerezanas.com\/?p=23916\" title=\"SUPERVIS\u00d3 EL DOCTOR SALAZAR AVANCES EN LA CONSTRUCCI\u00d3N DEL \u00c1REA RECREATIVA EN FRACCIONAMIENTO LOMA BLANCA\">&#8230;<\/a><\/p>\n<\/div>","protected":false},"author":1,"featured_media":23823,"comment_status":"closed","ping_status":"closed","sticky":false,"template":"","format":"standard","meta":{"footnotes":""},"categories":[102],"tags":[],"class_list":["post-23916","post","type-post","status-publish","format-standard","has-post-thumbnail","hentry","category-noticias-de-jerez"],"_links":{"self":[{"href":"https:\/\/raicesjerezanas.com\/index.php?rest_route=\/wp\/v2\/posts\/23916","targetHints":{"allow":["GET"]}}],"collection":[{"href":"https:\/\/raicesjerezanas.com\/index.php?rest_route=\/wp\/v2\/posts"}],"about":[{"href":"https:\/\/raicesjerezanas.com\/index.php?rest_route=\/wp\/v2\/types\/post"}],"author":[{"embeddable":true,"href":"https:\/\/raicesjerezanas.com\/index.php?rest_route=\/wp\/v2\/users\/1"}],"replies":[{"embeddable":true,"href":"https:\/\/raicesjerezanas.com\/index.php?rest_route=%2Fwp%2Fv2%2Fcomments&post=23916"}],"version-history":[{"count":0,"href":"https:\/\/raicesjerezanas.com\/index.php?rest_route=\/wp\/v2\/posts\/23916\/revisions"}],"wp:featuredmedia":[{"embeddable":true,"href":"https:\/\/raicesjerezanas.com\/index.php?rest_route=\/wp\/v2\/media\/23823"}],"wp:attachment":[{"href":"https:\/\/raicesjerezanas.com\/index.php?rest_route=%2Fwp%2Fv2%2Fmedia&parent=23916"}],"wp:term":[{"taxonomy":"category","embeddable":true,"href":"https:\/\/raicesjerezanas.com\/index.php?rest_route=%2Fwp%2Fv2%2Fcategories&post=23916"},{"taxonomy":"post_tag","embeddable":true,"href":"https:\/\/raicesjerezanas.com\/index.php?rest_route=%2Fwp%2Fv2%2Ftags&post=23916"}],"curies":[{"name":"wp","href":"https:\/\/api.w.org\/{rel}","templated":true}]}}