{"id":24013,"date":"2024-07-20T16:26:13","date_gmt":"2024-07-20T22:26:13","guid":{"rendered":"https:\/\/enconecte.com\/?p=24013"},"modified":"2024-08-01T13:48:07","modified_gmt":"2024-08-01T19:48:07","slug":"inician-festejos-de-la-semana-del-migrante-con-ruta-4x4-gorilas-off-road","status":"publish","type":"post","link":"https:\/\/raicesjerezanas.com\/?p=24013","title":{"rendered":"INICIAN FESTEJOS DE LA SEMANA DEL MIGRANTE CON RUTA 4X4 GORILAS OFF ROAD"},"content":{"rendered":"<p>El Presidente Municipal, Jos\u00e9 Humberto Salazar Contreras, acompa\u00f1ado por directores de su gabinete dieron el banderazo de salida a la Ruta del Migrante 4&#215;4 Gorilas Off Road, actividad con la que inician los festejos de la Semana del Migrante.<\/p>\n<p>En su mensaje de inauguraci\u00f3n, el alcalde coment\u00f3 que este festival tiene como objetivo dar la bienvenida a los hermanos migrantes para que vengan a disfrutar y puedan apreciar el cambio que se est\u00e1 viviendo en Jerez.<\/p>\n<p>Salazar Contreras afirm\u00f3 que se dio atenci\u00f3n primaria al tema de seguridad con el fin de que paisanos, visitantes y ciudadan\u00eda gocen de esta festividad sin contratiempo alguno, para ello se cuenta con la presencia de corporaciones federales, estatales y del municipio que en todo momento estar\u00e1n al pendiente para que las actividades lleven acabo con tranquilidad.<\/p>\n<p>Destac\u00f3 tambi\u00e9n que en el municipio se est\u00e1 trabajando por un bien com\u00fan, donde la prioridad es el rescate y la integraci\u00f3n de la familia a trav\u00e9s de actividades que promuevan la unidad y el compa\u00f1erismo para una convivencia social en un ambiente seguro.<\/p>\n<p>Con esta acci\u00f3n se da inicio a la Semana del Migrante ya en su tercera edici\u00f3n, la cual contar\u00e1 con eventos deportivos, gastron\u00f3micos y culturales desarroll\u00e1ndose del 20 al 28 de julio.<\/p>\n<p><img loading=\"lazy\" decoding=\"async\" class=\"alignnone size-full wp-image-24015\" src=\"https:\/\/raicesjerezanas.com\/wp-content\/uploads\/2024\/07\/Imagen-de-WhatsApp-2024-07-20-a-las-14.16.46_fda2a173.jpg\" alt=\"\" width=\"1280\" height=\"853\" srcset=\"https:\/\/raicesjerezanas.com\/wp-content\/uploads\/2024\/07\/Imagen-de-WhatsApp-2024-07-20-a-las-14.16.46_fda2a173.jpg 1280w, https:\/\/raicesjerezanas.com\/wp-content\/uploads\/2024\/07\/Imagen-de-WhatsApp-2024-07-20-a-las-14.16.46_fda2a173-300x200.jpg 300w, https:\/\/raicesjerezanas.com\/wp-content\/uploads\/2024\/07\/Imagen-de-WhatsApp-2024-07-20-a-las-14.16.46_fda2a173-1024x682.jpg 1024w, https:\/\/raicesjerezanas.com\/wp-content\/uploads\/2024\/07\/Imagen-de-WhatsApp-2024-07-20-a-las-14.16.46_fda2a173-768x512.jpg 768w\" sizes=\"auto, (max-width: 1280px) 100vw, 1280px\" \/><\/p>\n","protected":false},"excerpt":{"rendered":"<div class=\"mh-excerpt\"><p>El Presidente Municipal, Jos\u00e9 Humberto Salazar Contreras, acompa\u00f1ado por directores de su gabinete dieron el banderazo de salida a la Ruta del Migrante 4&#215;4 Gorilas <a class=\"mh-excerpt-more\" href=\"https:\/\/raicesjerezanas.com\/?p=24013\" title=\"INICIAN FESTEJOS DE LA SEMANA DEL MIGRANTE CON RUTA 4X4 GORILAS OFF ROAD\">&#8230;<\/a><\/p>\n<\/div>","protected":false},"author":1,"featured_media":24014,"comment_status":"closed","ping_status":"closed","sticky":false,"template":"","format":"standard","meta":{"footnotes":""},"categories":[107,102],"tags":[],"class_list":["post-24013","post","type-post","status-publish","format-standard","has-post-thumbnail","hentry","category-entretenimiento","category-noticias-de-jerez"],"_links":{"self":[{"href":"https:\/\/raicesjerezanas.com\/index.php?rest_route=\/wp\/v2\/posts\/24013","targetHints":{"allow":["GET"]}}],"collection":[{"href":"https:\/\/raicesjerezanas.com\/index.php?rest_route=\/wp\/v2\/posts"}],"about":[{"href":"https:\/\/raicesjerezanas.com\/index.php?rest_route=\/wp\/v2\/types\/post"}],"author":[{"embeddable":true,"href":"https:\/\/raicesjerezanas.com\/index.php?rest_route=\/wp\/v2\/users\/1"}],"replies":[{"embeddable":true,"href":"https:\/\/raicesjerezanas.com\/index.php?rest_route=%2Fwp%2Fv2%2Fcomments&post=24013"}],"version-history":[{"count":0,"href":"https:\/\/raicesjerezanas.com\/index.php?rest_route=\/wp\/v2\/posts\/24013\/revisions"}],"wp:featuredmedia":[{"embeddable":true,"href":"https:\/\/raicesjerezanas.com\/index.php?rest_route=\/wp\/v2\/media\/24014"}],"wp:attachment":[{"href":"https:\/\/raicesjerezanas.com\/index.php?rest_route=%2Fwp%2Fv2%2Fmedia&parent=24013"}],"wp:term":[{"taxonomy":"category","embeddable":true,"href":"https:\/\/raicesjerezanas.com\/index.php?rest_route=%2Fwp%2Fv2%2Fcategories&post=24013"},{"taxonomy":"post_tag","embeddable":true,"href":"https:\/\/raicesjerezanas.com\/index.php?rest_route=%2Fwp%2Fv2%2Ftags&post=24013"}],"curies":[{"name":"wp","href":"https:\/\/api.w.org\/{rel}","templated":true}]}}