{"id":24031,"date":"2024-07-22T08:41:12","date_gmt":"2024-07-22T14:41:12","guid":{"rendered":"https:\/\/enconecte.com\/?p=24031"},"modified":"2024-08-01T13:47:35","modified_gmt":"2024-08-01T19:47:35","slug":"fiesta-folclorica-en-jerez-por-la-semana-del-migrante-2024","status":"publish","type":"post","link":"https:\/\/raicesjerezanas.com\/?p=24031","title":{"rendered":"FIESTA FOLCL\u00d3RICA EN JEREZ POR LA SEMANA DEL MIGRANTE 2024"},"content":{"rendered":"<p>Dando continuidad a las actividades de la Semana del Migrante; festival organizado por el Gobierno Municipal, encabezado por Humberto Salazar Contreras para honrar el esp\u00edritu y fortaleza de los migrantes; este domingo Jerez se visti\u00f3 de folclore en el centro de la ciudad, con la presentaci\u00f3n de 10 grupos de Danza; 200 bailarines de diferentes puntos del Estado, quienes deleitaron a cientos de personas reunidas en la Plaza Tacuba.<\/p>\n<p>El evento inici\u00f3 con la entrada masiva de la totalidad de las agrupaciones, acompa\u00f1adas por tamborazo en vivo, para continuar con estampas creativamente preparadas por sus directores y core\u00f3grafos, brindando a los asistentes una experiencia \u00fanica en la que reafirmaron su gusto por este g\u00e9nero danc\u00edstico.<\/p>\n<p>Entre los municipios participantes estuvieron Tlaltenango con la Academia de Danza \u201cCasa Taiyari\u201d, Fresnillo con el ballet folcl\u00f3rico \u201cIdentidad Mexicana\u201d, Pinos con el grupo de danza \u201dCuicoyan\u201d, y Sombrerete con el conjunto \u201cBafsom\u201d.<\/p>\n<p>Se sumaron tambi\u00e9n compa\u00f1\u00edas de Zacatecas como \u201cMazatl Ollin\u201d, \u201cTezcatl-Tlalli\u201d, y el Ballet Folcl\u00f3rico Zacatecano, as\u00ed como de Jerez la Academia de Danza del ISEA \u201cCalmecac\u201d, el grupo de baile \u201cTelpochcalli\u201d y el ballet del Instituto Jerezano de Cultura (IJC) \u201cProfesor Eduardo\u00a0\u00c1vila\u00a0S\u00e1nchez\u201d.<\/p>\n<p>&nbsp;<\/p>\n","protected":false},"excerpt":{"rendered":"<div class=\"mh-excerpt\"><p>Dando continuidad a las actividades de la Semana del Migrante; festival organizado por el Gobierno Municipal, encabezado por Humberto Salazar Contreras para honrar el esp\u00edritu <a class=\"mh-excerpt-more\" href=\"https:\/\/raicesjerezanas.com\/?p=24031\" title=\"FIESTA FOLCL\u00d3RICA EN JEREZ POR LA SEMANA DEL MIGRANTE 2024\">&#8230;<\/a><\/p>\n<\/div>","protected":false},"author":1,"featured_media":24032,"comment_status":"closed","ping_status":"closed","sticky":false,"template":"","format":"standard","meta":{"footnotes":""},"categories":[102],"tags":[],"class_list":["post-24031","post","type-post","status-publish","format-standard","has-post-thumbnail","hentry","category-noticias-de-jerez"],"_links":{"self":[{"href":"https:\/\/raicesjerezanas.com\/index.php?rest_route=\/wp\/v2\/posts\/24031","targetHints":{"allow":["GET"]}}],"collection":[{"href":"https:\/\/raicesjerezanas.com\/index.php?rest_route=\/wp\/v2\/posts"}],"about":[{"href":"https:\/\/raicesjerezanas.com\/index.php?rest_route=\/wp\/v2\/types\/post"}],"author":[{"embeddable":true,"href":"https:\/\/raicesjerezanas.com\/index.php?rest_route=\/wp\/v2\/users\/1"}],"replies":[{"embeddable":true,"href":"https:\/\/raicesjerezanas.com\/index.php?rest_route=%2Fwp%2Fv2%2Fcomments&post=24031"}],"version-history":[{"count":0,"href":"https:\/\/raicesjerezanas.com\/index.php?rest_route=\/wp\/v2\/posts\/24031\/revisions"}],"wp:featuredmedia":[{"embeddable":true,"href":"https:\/\/raicesjerezanas.com\/index.php?rest_route=\/wp\/v2\/media\/24032"}],"wp:attachment":[{"href":"https:\/\/raicesjerezanas.com\/index.php?rest_route=%2Fwp%2Fv2%2Fmedia&parent=24031"}],"wp:term":[{"taxonomy":"category","embeddable":true,"href":"https:\/\/raicesjerezanas.com\/index.php?rest_route=%2Fwp%2Fv2%2Fcategories&post=24031"},{"taxonomy":"post_tag","embeddable":true,"href":"https:\/\/raicesjerezanas.com\/index.php?rest_route=%2Fwp%2Fv2%2Ftags&post=24031"}],"curies":[{"name":"wp","href":"https:\/\/api.w.org\/{rel}","templated":true}]}}