{"id":2529,"date":"2019-12-13T18:10:51","date_gmt":"2019-12-14T00:10:51","guid":{"rendered":"https:\/\/raicesjerezanas.com\/?p=2529"},"modified":"2023-07-14T04:26:44","modified_gmt":"2023-07-14T04:26:44","slug":"celebran-xv-aniversario-del-instituto-de-la-mujer-jerezana","status":"publish","type":"post","link":"https:\/\/raicesjerezanas.com\/?p=2529","title":{"rendered":"CELEBRAN XV ANIVERSARIO DEL INSTITUTO DE LA MUJER JEREZANA"},"content":{"rendered":"<p>El Instituto de la Mujer Jerezana (INMUJE) cumpli\u00f3 15 a\u00f1os de servicio, hecho que se celebr\u00f3 con la develaci\u00f3n de una placa alusiva sus instalaciones y la conferencia El empoderamiento y la virtud de ser mujer.<\/p>\n<p>En las instalaciones del INMUJE el Alcalde Antonio Aceves S\u00e1nchez reconoci\u00f3 la loable labor del instituto donde las mujeres son eje de acci\u00f3n principal con respaldo psicol\u00f3gico y legal.<\/p>\n<p>Su titular Gricelda Salcedo agradeci\u00f3 a Nayeli \u00c1lvarez Haro, Presidenta Honor\u00edfica del DIF Municipal, por todo el apoyo otorgado en las acciones emprendidas a favor de las mujeres y en contra de aspectos tan sentidos como la violencia.<\/p>\n<p>Previamente en el foyer del teatro Hinojosa, el Director del Centro de Crecimiento Humanista del Estado de Zacatecas Osvaldo \u00c1lvarez Crespo, habl\u00f3 de las cualidades de las mujeres y la importancia de cuidarlas en todos los \u00e1mbitos.<\/p>\n<p>En ellas destac\u00f3 a seres cuidadores de vida con lazos afectivos y emocionales imposibles de romper, ejemplos de fortaleza que trabajan en la construcci\u00f3n familiar capaces de superar cualquier obst\u00e1culo.<\/p>\n<p>En la actividad participaron funcionarias municipales, representantes de instituciones educativas as\u00ed como de la sociedad civil.<\/p>\n","protected":false},"excerpt":{"rendered":"<div class=\"mh-excerpt\"><p>El Instituto de la Mujer Jerezana (INMUJE) cumpli\u00f3 15 a\u00f1os de servicio, hecho que se celebr\u00f3 con la develaci\u00f3n de una placa alusiva sus instalaciones <a class=\"mh-excerpt-more\" href=\"https:\/\/raicesjerezanas.com\/?p=2529\" title=\"CELEBRAN XV ANIVERSARIO DEL INSTITUTO DE LA MUJER JEREZANA\">&#8230;<\/a><\/p>\n<\/div>","protected":false},"author":1,"featured_media":2530,"comment_status":"closed","ping_status":"closed","sticky":false,"template":"","format":"standard","meta":{"footnotes":""},"categories":[102],"tags":[],"class_list":["post-2529","post","type-post","status-publish","format-standard","has-post-thumbnail","hentry","category-noticias-de-jerez"],"_links":{"self":[{"href":"https:\/\/raicesjerezanas.com\/index.php?rest_route=\/wp\/v2\/posts\/2529","targetHints":{"allow":["GET"]}}],"collection":[{"href":"https:\/\/raicesjerezanas.com\/index.php?rest_route=\/wp\/v2\/posts"}],"about":[{"href":"https:\/\/raicesjerezanas.com\/index.php?rest_route=\/wp\/v2\/types\/post"}],"author":[{"embeddable":true,"href":"https:\/\/raicesjerezanas.com\/index.php?rest_route=\/wp\/v2\/users\/1"}],"replies":[{"embeddable":true,"href":"https:\/\/raicesjerezanas.com\/index.php?rest_route=%2Fwp%2Fv2%2Fcomments&post=2529"}],"version-history":[{"count":0,"href":"https:\/\/raicesjerezanas.com\/index.php?rest_route=\/wp\/v2\/posts\/2529\/revisions"}],"wp:featuredmedia":[{"embeddable":true,"href":"https:\/\/raicesjerezanas.com\/index.php?rest_route=\/wp\/v2\/media\/2530"}],"wp:attachment":[{"href":"https:\/\/raicesjerezanas.com\/index.php?rest_route=%2Fwp%2Fv2%2Fmedia&parent=2529"}],"wp:term":[{"taxonomy":"category","embeddable":true,"href":"https:\/\/raicesjerezanas.com\/index.php?rest_route=%2Fwp%2Fv2%2Fcategories&post=2529"},{"taxonomy":"post_tag","embeddable":true,"href":"https:\/\/raicesjerezanas.com\/index.php?rest_route=%2Fwp%2Fv2%2Ftags&post=2529"}],"curies":[{"name":"wp","href":"https:\/\/api.w.org\/{rel}","templated":true}]}}