{"id":2535,"date":"2019-12-18T17:32:06","date_gmt":"2019-12-18T23:32:06","guid":{"rendered":"https:\/\/raicesjerezanas.com\/?p=2535"},"modified":"2023-07-14T04:26:43","modified_gmt":"2023-07-14T04:26:43","slug":"talleres-del-ijc-se-lucen-con-pastorela-teatral","status":"publish","type":"post","link":"https:\/\/raicesjerezanas.com\/?p=2535","title":{"rendered":"TALLERES DEL IJC SE LUCEN CON PASTORELA TEATRAL"},"content":{"rendered":"<p>Directivos, docentes y 150 alumnos de los 11 Talleres de Iniciaci\u00f3n Art\u00edstica del Instituto Jerezano de Cultura (IJC) y los asociados al Instituto Nacional de Bellas Artes (INBA), presentaron \u00a1Los pastores vienen llegando!, como parte del Programa de Navidad 2019 organizado por el Gobierno Municipal.<\/p>\n<p>El Director del IJC, Miguel \u00c1ngel Salcedo Quezada, reconoci\u00f3 que el talento de los alumnos a cargo de Imelda Luna, junto con el esfuerzo y apoyo tanto de sus maestros como de sus padres, hace posible que en Jerez se mantenga el gusto por el arte.<\/p>\n<p>Agradeci\u00f3 a las familias por coadyuvar en el rescate y conservaci\u00f3n de las tradiciones navide\u00f1as al participar y asistir a los distintos eventos promovidos por el Gobierno de Antonio Aceves S\u00e1nchez.<\/p>\n<p>La pastorela inici\u00f3 con el tradicional recorrido por las calles del centro hist\u00f3rico de los peregrinos Mar\u00eda y Jos\u00e9 acompa\u00f1ados de sus pastorcillos, quienes al ritmo de villancicos abordaron el teatro Hinojosa.<\/p>\n<p>Previo al nacimiento del ni\u00f1o Jes\u00fas, \u00e1ngeles y demonios bajo la influencia de humor\u00edsticas actuaciones y coreograf\u00edas de ballet cl\u00e1sico y contempor\u00e1neo, libraron diversas batallas para defender o impedir su llegada.<\/p>\n<p>A este evento se sum\u00f3 el DIF Municipal, representado por la titular de la Jefatura Operativa Estefan\u00eda Ordaz, que entreg\u00f3 bolos a los participantes.<\/p>\n","protected":false},"excerpt":{"rendered":"<div class=\"mh-excerpt\"><p>Directivos, docentes y 150 alumnos de los 11 Talleres de Iniciaci\u00f3n Art\u00edstica del Instituto Jerezano de Cultura (IJC) y los asociados al Instituto Nacional de <a class=\"mh-excerpt-more\" href=\"https:\/\/raicesjerezanas.com\/?p=2535\" title=\"TALLERES DEL IJC SE LUCEN CON PASTORELA TEATRAL\">&#8230;<\/a><\/p>\n<\/div>","protected":false},"author":1,"featured_media":2536,"comment_status":"closed","ping_status":"closed","sticky":false,"template":"","format":"standard","meta":{"footnotes":""},"categories":[102],"tags":[],"class_list":["post-2535","post","type-post","status-publish","format-standard","has-post-thumbnail","hentry","category-noticias-de-jerez"],"_links":{"self":[{"href":"https:\/\/raicesjerezanas.com\/index.php?rest_route=\/wp\/v2\/posts\/2535","targetHints":{"allow":["GET"]}}],"collection":[{"href":"https:\/\/raicesjerezanas.com\/index.php?rest_route=\/wp\/v2\/posts"}],"about":[{"href":"https:\/\/raicesjerezanas.com\/index.php?rest_route=\/wp\/v2\/types\/post"}],"author":[{"embeddable":true,"href":"https:\/\/raicesjerezanas.com\/index.php?rest_route=\/wp\/v2\/users\/1"}],"replies":[{"embeddable":true,"href":"https:\/\/raicesjerezanas.com\/index.php?rest_route=%2Fwp%2Fv2%2Fcomments&post=2535"}],"version-history":[{"count":0,"href":"https:\/\/raicesjerezanas.com\/index.php?rest_route=\/wp\/v2\/posts\/2535\/revisions"}],"wp:featuredmedia":[{"embeddable":true,"href":"https:\/\/raicesjerezanas.com\/index.php?rest_route=\/wp\/v2\/media\/2536"}],"wp:attachment":[{"href":"https:\/\/raicesjerezanas.com\/index.php?rest_route=%2Fwp%2Fv2%2Fmedia&parent=2535"}],"wp:term":[{"taxonomy":"category","embeddable":true,"href":"https:\/\/raicesjerezanas.com\/index.php?rest_route=%2Fwp%2Fv2%2Fcategories&post=2535"},{"taxonomy":"post_tag","embeddable":true,"href":"https:\/\/raicesjerezanas.com\/index.php?rest_route=%2Fwp%2Fv2%2Ftags&post=2535"}],"curies":[{"name":"wp","href":"https:\/\/api.w.org\/{rel}","templated":true}]}}