{"id":2539,"date":"2019-12-18T17:38:10","date_gmt":"2019-12-18T23:38:10","guid":{"rendered":"https:\/\/raicesjerezanas.com\/?p=2539"},"modified":"2023-07-14T04:26:42","modified_gmt":"2023-07-14T04:26:42","slug":"la-magia-de-navidad-viste-a-jerez-con-desfile-de-preescolares","status":"publish","type":"post","link":"https:\/\/raicesjerezanas.com\/?p=2539","title":{"rendered":"LA MAGIA DE NAVIDAD VISTE A JEREZ CON DESFILE DE PREESCOLARES"},"content":{"rendered":"<p>Cerca de 2200 alumnos de 24 instituciones entre guarder\u00edas, preescolares y la secundaria Constituyentes de 1917, desfilaron por el centro hist\u00f3rico de Jerez en el tradicional Desfile Navide\u00f1o organizado por el Ayuntamiento a trav\u00e9s de la Coordinaci\u00f3n Municipal de Educaci\u00f3n.<\/p>\n<p>La alegr\u00eda de la temporada visti\u00f3 las calles principales del Pueblo M\u00e1gico con la presencia de las ni\u00f1as y ni\u00f1os que formaron parte del contingente, encabezado por el grupo de adolescentes bailando al ritmo de la banda estudiantil perteneciente a la Secundaria 3.<\/p>\n<p>Tambi\u00e9n hizo punta con su participaci\u00f3n la Guarder\u00eda del DIF Municipal, que conform\u00f3 un carro aleg\u00f3rico en representaci\u00f3n de un nacimiento, seguidos por los jardines de ni\u00f1os que integran la zona de preescolar n\u00famero 16.<\/p>\n<p>Pastores, cajas de regalo, renos, mu\u00f1ecos de jengibre, caramelos, duendes y muchos personajes m\u00e1s alusivos a la festividad, fueron las caracterizaciones de alumnos y maestros que hicieron del desfile una versi\u00f3n m\u00e1s colorida y destacada a la de a\u00f1os anteriores.<\/p>\n<p>Al finalizar, el alcalde Antonio Aceves S\u00e1nchez acompa\u00f1ado por su esposa Nayeli \u00c1lvarez Haro, la Coordinadora de Educaci\u00f3n Silvia Cabral y m\u00e1s funcionarios municipales, saludaron y entregaron bolos a los peque\u00f1os participantes.<\/p>\n","protected":false},"excerpt":{"rendered":"<div class=\"mh-excerpt\"><p>Cerca de 2200 alumnos de 24 instituciones entre guarder\u00edas, preescolares y la secundaria Constituyentes de 1917, desfilaron por el centro hist\u00f3rico de Jerez en el <a class=\"mh-excerpt-more\" href=\"https:\/\/raicesjerezanas.com\/?p=2539\" title=\"LA MAGIA DE NAVIDAD VISTE A JEREZ CON DESFILE DE PREESCOLARES\">&#8230;<\/a><\/p>\n<\/div>","protected":false},"author":1,"featured_media":2540,"comment_status":"closed","ping_status":"closed","sticky":false,"template":"","format":"standard","meta":{"footnotes":""},"categories":[102],"tags":[],"class_list":["post-2539","post","type-post","status-publish","format-standard","has-post-thumbnail","hentry","category-noticias-de-jerez"],"_links":{"self":[{"href":"https:\/\/raicesjerezanas.com\/index.php?rest_route=\/wp\/v2\/posts\/2539","targetHints":{"allow":["GET"]}}],"collection":[{"href":"https:\/\/raicesjerezanas.com\/index.php?rest_route=\/wp\/v2\/posts"}],"about":[{"href":"https:\/\/raicesjerezanas.com\/index.php?rest_route=\/wp\/v2\/types\/post"}],"author":[{"embeddable":true,"href":"https:\/\/raicesjerezanas.com\/index.php?rest_route=\/wp\/v2\/users\/1"}],"replies":[{"embeddable":true,"href":"https:\/\/raicesjerezanas.com\/index.php?rest_route=%2Fwp%2Fv2%2Fcomments&post=2539"}],"version-history":[{"count":0,"href":"https:\/\/raicesjerezanas.com\/index.php?rest_route=\/wp\/v2\/posts\/2539\/revisions"}],"wp:featuredmedia":[{"embeddable":true,"href":"https:\/\/raicesjerezanas.com\/index.php?rest_route=\/wp\/v2\/media\/2540"}],"wp:attachment":[{"href":"https:\/\/raicesjerezanas.com\/index.php?rest_route=%2Fwp%2Fv2%2Fmedia&parent=2539"}],"wp:term":[{"taxonomy":"category","embeddable":true,"href":"https:\/\/raicesjerezanas.com\/index.php?rest_route=%2Fwp%2Fv2%2Fcategories&post=2539"},{"taxonomy":"post_tag","embeddable":true,"href":"https:\/\/raicesjerezanas.com\/index.php?rest_route=%2Fwp%2Fv2%2Ftags&post=2539"}],"curies":[{"name":"wp","href":"https:\/\/api.w.org\/{rel}","templated":true}]}}