{"id":2541,"date":"2019-12-18T17:43:09","date_gmt":"2019-12-18T23:43:09","guid":{"rendered":"https:\/\/raicesjerezanas.com\/?p=2541"},"modified":"2023-07-14T04:26:42","modified_gmt":"2023-07-14T04:26:42","slug":"continua-mantenimiento-de-senaleticas-en-colonias-y-comunidades-de-jerez","status":"publish","type":"post","link":"https:\/\/raicesjerezanas.com\/?p=2541","title":{"rendered":"CONTIN\u00daA MANTENIMIENTO DE SE\u00d1AL\u00c9TICAS EN COLONIAS Y COMUNIDADES DE JEREZ"},"content":{"rendered":"<p>Personal del Departamento de Pintura del Gobierno Municipal, realizan trabajos de pinta en zonas peatonales, topes, vados, guarniciones, \u00e1reas para discapacitados y dem\u00e1s puntos del municipio de Jerez.<\/p>\n<p>El responsable del \u00e1rea, Enrique D\u00edaz Viramontes, coment\u00f3 que las instrucciones del Presidente Municipal Antonio Aceves S\u00e1nchez, es dar atenci\u00f3n inmediata a cualquier solicitud ya sea en alguna comunidad o colonia de la localidad.<\/p>\n<p>Se\u00f1al\u00f3 que a diario se realizan trabajos ya sean en espacios p\u00fablicos, calles, o en instituciones educativas que solicitan el servicio.<\/p>\n<p>Agreg\u00f3 que en las \u00faltimas semanas se ha realizado trabajo extraordinario al acudir a las comunidades que han pedido apoyo para pintar los templos con motivo de las fiestas patronales, como ha sido el caso de La Orde\u00f1a, Santa Fe, Magueyito y Montecillo.<\/p>\n<p>Por ultimo afirm\u00f3 que continuar\u00e1n brindando su m\u00e1ximo esfuerzo para mantener las distintas \u00e1reas con una buena imagen y en buen estado a favor de las familias jerezanas.<\/p>\n","protected":false},"excerpt":{"rendered":"<div class=\"mh-excerpt\"><p>Personal del Departamento de Pintura del Gobierno Municipal, realizan trabajos de pinta en zonas peatonales, topes, vados, guarniciones, \u00e1reas para discapacitados y dem\u00e1s puntos del <a class=\"mh-excerpt-more\" href=\"https:\/\/raicesjerezanas.com\/?p=2541\" title=\"CONTIN\u00daA MANTENIMIENTO DE SE\u00d1AL\u00c9TICAS EN COLONIAS Y COMUNIDADES DE JEREZ\">&#8230;<\/a><\/p>\n<\/div>","protected":false},"author":1,"featured_media":2542,"comment_status":"closed","ping_status":"closed","sticky":false,"template":"","format":"standard","meta":{"footnotes":""},"categories":[102],"tags":[],"class_list":["post-2541","post","type-post","status-publish","format-standard","has-post-thumbnail","hentry","category-noticias-de-jerez"],"_links":{"self":[{"href":"https:\/\/raicesjerezanas.com\/index.php?rest_route=\/wp\/v2\/posts\/2541","targetHints":{"allow":["GET"]}}],"collection":[{"href":"https:\/\/raicesjerezanas.com\/index.php?rest_route=\/wp\/v2\/posts"}],"about":[{"href":"https:\/\/raicesjerezanas.com\/index.php?rest_route=\/wp\/v2\/types\/post"}],"author":[{"embeddable":true,"href":"https:\/\/raicesjerezanas.com\/index.php?rest_route=\/wp\/v2\/users\/1"}],"replies":[{"embeddable":true,"href":"https:\/\/raicesjerezanas.com\/index.php?rest_route=%2Fwp%2Fv2%2Fcomments&post=2541"}],"version-history":[{"count":0,"href":"https:\/\/raicesjerezanas.com\/index.php?rest_route=\/wp\/v2\/posts\/2541\/revisions"}],"wp:featuredmedia":[{"embeddable":true,"href":"https:\/\/raicesjerezanas.com\/index.php?rest_route=\/wp\/v2\/media\/2542"}],"wp:attachment":[{"href":"https:\/\/raicesjerezanas.com\/index.php?rest_route=%2Fwp%2Fv2%2Fmedia&parent=2541"}],"wp:term":[{"taxonomy":"category","embeddable":true,"href":"https:\/\/raicesjerezanas.com\/index.php?rest_route=%2Fwp%2Fv2%2Fcategories&post=2541"},{"taxonomy":"post_tag","embeddable":true,"href":"https:\/\/raicesjerezanas.com\/index.php?rest_route=%2Fwp%2Fv2%2Ftags&post=2541"}],"curies":[{"name":"wp","href":"https:\/\/api.w.org\/{rel}","templated":true}]}}