{"id":2543,"date":"2019-12-17T17:45:30","date_gmt":"2019-12-17T23:45:30","guid":{"rendered":"https:\/\/raicesjerezanas.com\/?p=2543"},"modified":"2023-07-14T04:26:43","modified_gmt":"2023-07-14T04:26:43","slug":"inicia-operativo-de-navidad-2019-en-jerez","status":"publish","type":"post","link":"https:\/\/raicesjerezanas.com\/?p=2543","title":{"rendered":"INICIA OPERATIVO DE NAVIDAD 2019 EN JEREZ"},"content":{"rendered":"<p>En representaci\u00f3n del Presidente Municipal Antonio Aceves S\u00e1nchez, el Secretario de Gobierno, Liborio Carrillo Castro, dio el banderazo oficial del Operativo Navidad 2019 en Jerez.<\/p>\n<p>En total participar\u00e1n m\u00e1s de 100 elementos y 30 veh\u00edculos de los tres \u00f3rdenes de gobierno, con la finalidad de resguardar la seguridad y tranquilidad de la ciudadan\u00eda en esta temporada decembrina.<\/p>\n<p>Carrillo Castro coment\u00f3 que la estrategia se extender\u00e1 hasta el 15 de enero del 2020, para vigilar y hacer rondines en distintos acceso a la cabecera municipal y comunidades.<\/p>\n<p>Hizo un llamado a la ciudadan\u00eda para que haga un uso adecuado de las l\u00edneas emergencia debido a que en muchas ocasiones se hacen llamadas para hacer reportes falsos.<\/p>\n<p>Agreg\u00f3 que est\u00e1n listos para recibir en esta temporada a todos los paisanos que regresan a ver a sus familiares y pasen una estancia en total armon\u00eda.<\/p>\n<p>En el operativo navide\u00f1o participar\u00e1n: Ejercito Mexicano, Polic\u00eda Federal adscrita a la Guardia Nacional, Polic\u00eda Preventiva Municipal, Seguridad Vial, as\u00ed como Protecci\u00f3n Civil y Bomberos.<\/p>\n","protected":false},"excerpt":{"rendered":"<div class=\"mh-excerpt\"><p>En representaci\u00f3n del Presidente Municipal Antonio Aceves S\u00e1nchez, el Secretario de Gobierno, Liborio Carrillo Castro, dio el banderazo oficial del Operativo Navidad 2019 en Jerez. <a class=\"mh-excerpt-more\" href=\"https:\/\/raicesjerezanas.com\/?p=2543\" title=\"INICIA OPERATIVO DE NAVIDAD 2019 EN JEREZ\">&#8230;<\/a><\/p>\n<\/div>","protected":false},"author":1,"featured_media":2544,"comment_status":"closed","ping_status":"closed","sticky":false,"template":"","format":"standard","meta":{"footnotes":""},"categories":[102],"tags":[],"class_list":["post-2543","post","type-post","status-publish","format-standard","has-post-thumbnail","hentry","category-noticias-de-jerez"],"_links":{"self":[{"href":"https:\/\/raicesjerezanas.com\/index.php?rest_route=\/wp\/v2\/posts\/2543","targetHints":{"allow":["GET"]}}],"collection":[{"href":"https:\/\/raicesjerezanas.com\/index.php?rest_route=\/wp\/v2\/posts"}],"about":[{"href":"https:\/\/raicesjerezanas.com\/index.php?rest_route=\/wp\/v2\/types\/post"}],"author":[{"embeddable":true,"href":"https:\/\/raicesjerezanas.com\/index.php?rest_route=\/wp\/v2\/users\/1"}],"replies":[{"embeddable":true,"href":"https:\/\/raicesjerezanas.com\/index.php?rest_route=%2Fwp%2Fv2%2Fcomments&post=2543"}],"version-history":[{"count":0,"href":"https:\/\/raicesjerezanas.com\/index.php?rest_route=\/wp\/v2\/posts\/2543\/revisions"}],"wp:featuredmedia":[{"embeddable":true,"href":"https:\/\/raicesjerezanas.com\/index.php?rest_route=\/wp\/v2\/media\/2544"}],"wp:attachment":[{"href":"https:\/\/raicesjerezanas.com\/index.php?rest_route=%2Fwp%2Fv2%2Fmedia&parent=2543"}],"wp:term":[{"taxonomy":"category","embeddable":true,"href":"https:\/\/raicesjerezanas.com\/index.php?rest_route=%2Fwp%2Fv2%2Fcategories&post=2543"},{"taxonomy":"post_tag","embeddable":true,"href":"https:\/\/raicesjerezanas.com\/index.php?rest_route=%2Fwp%2Fv2%2Ftags&post=2543"}],"curies":[{"name":"wp","href":"https:\/\/api.w.org\/{rel}","templated":true}]}}