{"id":2545,"date":"2019-12-17T17:51:22","date_gmt":"2019-12-17T23:51:22","guid":{"rendered":"https:\/\/raicesjerezanas.com\/?p=2545"},"modified":"2023-07-14T04:26:43","modified_gmt":"2023-07-14T04:26:43","slug":"alegran-a-ninos-y-abuelitos-jerezanos-con-entrega-de-bolos","status":"publish","type":"post","link":"https:\/\/raicesjerezanas.com\/?p=2545","title":{"rendered":"ALEGRAN A NI\u00d1OS Y ABUELITOS JEREZANOS CON ENTREGA DE BOLOS"},"content":{"rendered":"<p>Como parte de las actividades y festejos navide\u00f1os, el DIF Municipal a cargo de Nayeli \u00c1lvarez Haro, ha entregado hasta el momento m\u00e1s de 500 bolos a ni\u00f1os y adultos mayores de los Centros de Desarrollo Comunitarios (CDC) ubicados en el medio rural y cabecera de Jerez.<\/p>\n<p>En El Porvenir, \u00c1lvarez Haro entreg\u00f3 bolos a 50 ni\u00f1os de preescolar y primaria adscritos al Centro de Asistencia Infantil Comunitario (CAIC), dese\u00e1ndoles una Navidad llena de alegr\u00eda pero sobre todo de uni\u00f3n familiar.<\/p>\n<p>Con estos recorridos ya se ha visitado a la comunidad Ermita de Guadalupe, as\u00ed como a los CDC de las colonias CNOP, Guadalupe, El Molino, San Isidro, Ni\u00f1os H\u00e9roes y Zona Centro, adem\u00e1s del Centro de Bienestar Social (CEBIS).<\/p>\n<p>Las pr\u00f3ximas entregas contemplan a la comunidad Los Rodarte y a m\u00e1s de 2 mil ni\u00f1os de distintas escuelas, al igual que a los participantes de las actividades del Programa de Navidad 2019.<\/p>\n","protected":false},"excerpt":{"rendered":"<div class=\"mh-excerpt\"><p>Como parte de las actividades y festejos navide\u00f1os, el DIF Municipal a cargo de Nayeli \u00c1lvarez Haro, ha entregado hasta el momento m\u00e1s de 500 <a class=\"mh-excerpt-more\" href=\"https:\/\/raicesjerezanas.com\/?p=2545\" title=\"ALEGRAN A NI\u00d1OS Y ABUELITOS JEREZANOS CON ENTREGA DE BOLOS\">&#8230;<\/a><\/p>\n<\/div>","protected":false},"author":1,"featured_media":2546,"comment_status":"closed","ping_status":"closed","sticky":false,"template":"","format":"standard","meta":{"footnotes":""},"categories":[102],"tags":[],"class_list":["post-2545","post","type-post","status-publish","format-standard","has-post-thumbnail","hentry","category-noticias-de-jerez"],"_links":{"self":[{"href":"https:\/\/raicesjerezanas.com\/index.php?rest_route=\/wp\/v2\/posts\/2545","targetHints":{"allow":["GET"]}}],"collection":[{"href":"https:\/\/raicesjerezanas.com\/index.php?rest_route=\/wp\/v2\/posts"}],"about":[{"href":"https:\/\/raicesjerezanas.com\/index.php?rest_route=\/wp\/v2\/types\/post"}],"author":[{"embeddable":true,"href":"https:\/\/raicesjerezanas.com\/index.php?rest_route=\/wp\/v2\/users\/1"}],"replies":[{"embeddable":true,"href":"https:\/\/raicesjerezanas.com\/index.php?rest_route=%2Fwp%2Fv2%2Fcomments&post=2545"}],"version-history":[{"count":0,"href":"https:\/\/raicesjerezanas.com\/index.php?rest_route=\/wp\/v2\/posts\/2545\/revisions"}],"wp:featuredmedia":[{"embeddable":true,"href":"https:\/\/raicesjerezanas.com\/index.php?rest_route=\/wp\/v2\/media\/2546"}],"wp:attachment":[{"href":"https:\/\/raicesjerezanas.com\/index.php?rest_route=%2Fwp%2Fv2%2Fmedia&parent=2545"}],"wp:term":[{"taxonomy":"category","embeddable":true,"href":"https:\/\/raicesjerezanas.com\/index.php?rest_route=%2Fwp%2Fv2%2Fcategories&post=2545"},{"taxonomy":"post_tag","embeddable":true,"href":"https:\/\/raicesjerezanas.com\/index.php?rest_route=%2Fwp%2Fv2%2Ftags&post=2545"}],"curies":[{"name":"wp","href":"https:\/\/api.w.org\/{rel}","templated":true}]}}