{"id":2548,"date":"2019-12-17T17:54:03","date_gmt":"2019-12-17T23:54:03","guid":{"rendered":"https:\/\/raicesjerezanas.com\/?p=2548"},"modified":"2023-07-14T04:26:43","modified_gmt":"2023-07-14T04:26:43","slug":"intensificaran-operativos-de-limpia-con-motivo-de-fiestas-navidenas","status":"publish","type":"post","link":"https:\/\/raicesjerezanas.com\/?p=2548","title":{"rendered":"INTENSIFICAR\u00c1N OPERATIVOS DE LIMPIA CON MOTIVO DE FIESTAS NAVIDE\u00d1AS"},"content":{"rendered":"<p>La Subdirecci\u00f3n de Servicios P\u00fablicos del Ayuntamiento, a trav\u00e9s del Departamento de Limpia, redoblar\u00e1 sus estrategias para mantener limpio Jerez durante la temporada decembrina.<\/p>\n<p>Luis Viramontes Rodarte, titular del \u00e1rea, coment\u00f3 que con motivo de las fiestas navide\u00f1as se genera mayor cantidad de basura por lo que ya se definieron horarios y cuadrillas de servicio.<\/p>\n<p>Precis\u00f3 que la recolecci\u00f3n de residuos s\u00f3lidos aumenta hasta en 15 toneladas, por lo que diariamente se recogen un aproximado de 60.<\/p>\n<p>En total 24 trabajadores y 12 camiones prestar\u00e1n servicio desde las 5 de la ma\u00f1ana con brigadas de limpieza en distintos puntos de la ciudad, como el centro hist\u00f3rico y las carreteras de acceso.<\/p>\n<p>En este sentido extendi\u00f3 un llamado a los ciudadanos para que conserven limpio su entorno y colaborar en la intenci\u00f3n del Gobierno Municipal de ofrecer una mejor imagen y condiciones de salubridad para familias y visitantes.<\/p>\n","protected":false},"excerpt":{"rendered":"<div class=\"mh-excerpt\"><p>La Subdirecci\u00f3n de Servicios P\u00fablicos del Ayuntamiento, a trav\u00e9s del Departamento de Limpia, redoblar\u00e1 sus estrategias para mantener limpio Jerez durante la temporada decembrina. Luis <a class=\"mh-excerpt-more\" href=\"https:\/\/raicesjerezanas.com\/?p=2548\" title=\"INTENSIFICAR\u00c1N OPERATIVOS DE LIMPIA CON MOTIVO DE FIESTAS NAVIDE\u00d1AS\">&#8230;<\/a><\/p>\n<\/div>","protected":false},"author":1,"featured_media":2549,"comment_status":"closed","ping_status":"closed","sticky":false,"template":"","format":"standard","meta":{"footnotes":""},"categories":[102],"tags":[],"class_list":["post-2548","post","type-post","status-publish","format-standard","has-post-thumbnail","hentry","category-noticias-de-jerez"],"_links":{"self":[{"href":"https:\/\/raicesjerezanas.com\/index.php?rest_route=\/wp\/v2\/posts\/2548","targetHints":{"allow":["GET"]}}],"collection":[{"href":"https:\/\/raicesjerezanas.com\/index.php?rest_route=\/wp\/v2\/posts"}],"about":[{"href":"https:\/\/raicesjerezanas.com\/index.php?rest_route=\/wp\/v2\/types\/post"}],"author":[{"embeddable":true,"href":"https:\/\/raicesjerezanas.com\/index.php?rest_route=\/wp\/v2\/users\/1"}],"replies":[{"embeddable":true,"href":"https:\/\/raicesjerezanas.com\/index.php?rest_route=%2Fwp%2Fv2%2Fcomments&post=2548"}],"version-history":[{"count":0,"href":"https:\/\/raicesjerezanas.com\/index.php?rest_route=\/wp\/v2\/posts\/2548\/revisions"}],"wp:featuredmedia":[{"embeddable":true,"href":"https:\/\/raicesjerezanas.com\/index.php?rest_route=\/wp\/v2\/media\/2549"}],"wp:attachment":[{"href":"https:\/\/raicesjerezanas.com\/index.php?rest_route=%2Fwp%2Fv2%2Fmedia&parent=2548"}],"wp:term":[{"taxonomy":"category","embeddable":true,"href":"https:\/\/raicesjerezanas.com\/index.php?rest_route=%2Fwp%2Fv2%2Fcategories&post=2548"},{"taxonomy":"post_tag","embeddable":true,"href":"https:\/\/raicesjerezanas.com\/index.php?rest_route=%2Fwp%2Fv2%2Ftags&post=2548"}],"curies":[{"name":"wp","href":"https:\/\/api.w.org\/{rel}","templated":true}]}}