{"id":2556,"date":"2019-12-20T09:42:41","date_gmt":"2019-12-20T15:42:41","guid":{"rendered":"https:\/\/raicesjerezanas.com\/?p=2556"},"modified":"2023-07-14T04:26:41","modified_gmt":"2023-07-14T04:26:41","slug":"entregan-apoyos-invernales-en-jerez","status":"publish","type":"post","link":"https:\/\/raicesjerezanas.com\/?p=2556","title":{"rendered":"ENTREGAN APOYOS INVERNALES EN JEREZ"},"content":{"rendered":"<p>El DIF Municipal de Jerez en coordinaci\u00f3n con SEDIF Estatal entreg\u00f3 980 cobijas del programa de apoyos invernales Cobijando a las Familias con Amor, bajo el esquema Peso a Peso.<\/p>\n<p>Al encabezar el evento, Nayeli \u00c1lvarez Haro, Presidenta Honor\u00edfica de la Instituci\u00f3n, agradeci\u00f3 el apoyo otorgado por el Gobierno Estatal a lo largo del a\u00f1o y en especial en esta temporada, donde se cobija a las personas m\u00e1s necesitadas durante el invierno.<\/p>\n<p>Al mismo tiempo ratific\u00f3 su compromiso de brindar apoyos a los que menos tienen y asegur\u00f3 que toda aquella persona que llegue a solicitar ayuda siempre ser\u00e1 bien recibida.<\/p>\n<p>En representaci\u00f3n de la Presidenta del SEDIF, Cristina Rodr\u00edguez, el Director Estatal Omar Acu\u00f1a, reconoci\u00f3 la disponibilidad de trabajo conjunto del municipio y la voluntad de ayudar a los jerezanos.<\/p>\n<p>Durante el evento el SEDIF rif\u00f3 cinco bicicletas, regal\u00f3 pelotas y bolos navide\u00f1os a los ni\u00f1os asistentes.<br \/>\nEn el evento tambi\u00e9n estuvieron presentes la Directora del DIF Municipal, Susana de la Torre y la Delegada Regional del SEDIF, Goretti Valdez.<\/p>\n","protected":false},"excerpt":{"rendered":"<div class=\"mh-excerpt\"><p>El DIF Municipal de Jerez en coordinaci\u00f3n con SEDIF Estatal entreg\u00f3 980 cobijas del programa de apoyos invernales Cobijando a las Familias con Amor, bajo <a class=\"mh-excerpt-more\" href=\"https:\/\/raicesjerezanas.com\/?p=2556\" title=\"ENTREGAN APOYOS INVERNALES EN JEREZ\">&#8230;<\/a><\/p>\n<\/div>","protected":false},"author":1,"featured_media":2559,"comment_status":"closed","ping_status":"closed","sticky":false,"template":"","format":"standard","meta":{"footnotes":""},"categories":[102],"tags":[],"class_list":["post-2556","post","type-post","status-publish","format-standard","has-post-thumbnail","hentry","category-noticias-de-jerez"],"_links":{"self":[{"href":"https:\/\/raicesjerezanas.com\/index.php?rest_route=\/wp\/v2\/posts\/2556","targetHints":{"allow":["GET"]}}],"collection":[{"href":"https:\/\/raicesjerezanas.com\/index.php?rest_route=\/wp\/v2\/posts"}],"about":[{"href":"https:\/\/raicesjerezanas.com\/index.php?rest_route=\/wp\/v2\/types\/post"}],"author":[{"embeddable":true,"href":"https:\/\/raicesjerezanas.com\/index.php?rest_route=\/wp\/v2\/users\/1"}],"replies":[{"embeddable":true,"href":"https:\/\/raicesjerezanas.com\/index.php?rest_route=%2Fwp%2Fv2%2Fcomments&post=2556"}],"version-history":[{"count":0,"href":"https:\/\/raicesjerezanas.com\/index.php?rest_route=\/wp\/v2\/posts\/2556\/revisions"}],"wp:featuredmedia":[{"embeddable":true,"href":"https:\/\/raicesjerezanas.com\/index.php?rest_route=\/wp\/v2\/media\/2559"}],"wp:attachment":[{"href":"https:\/\/raicesjerezanas.com\/index.php?rest_route=%2Fwp%2Fv2%2Fmedia&parent=2556"}],"wp:term":[{"taxonomy":"category","embeddable":true,"href":"https:\/\/raicesjerezanas.com\/index.php?rest_route=%2Fwp%2Fv2%2Fcategories&post=2556"},{"taxonomy":"post_tag","embeddable":true,"href":"https:\/\/raicesjerezanas.com\/index.php?rest_route=%2Fwp%2Fv2%2Ftags&post=2556"}],"curies":[{"name":"wp","href":"https:\/\/api.w.org\/{rel}","templated":true}]}}